{"id":4312,"date":"2025-06-26T09:43:39","date_gmt":"2025-06-26T09:43:39","guid":{"rendered":"https:\/\/www.loccasioncafe.com\/?p=4312"},"modified":"2025-06-26T09:43:41","modified_gmt":"2025-06-26T09:43:41","slug":"pourquoi-travailler-dehors-son-bureau","status":"publish","type":"post","link":"https:\/\/www.loccasioncafe.com\/?p=4312&lang=fr","title":{"rendered":"Pourquoi travailler en dehors de son bureau ?"},"content":{"rendered":"\t\t<div data-elementor-type=\"wp-post\" data-elementor-id=\"4312\" class=\"elementor elementor-4312\" data-elementor-post-type=\"post\">\n\t\t\t\t\t\t<section class=\"elementor-section elementor-top-section elementor-element elementor-element-0f84afa elementor-section-content-middle elementor-section-boxed elementor-section-height-default elementor-section-height-default\" data-id=\"0f84afa\" data-element_type=\"section\" data-e-type=\"section\" data-settings=\"{&quot;background_background&quot;:&quot;classic&quot;}\">\n\t\t\t\t\t\t\t<div class=\"elementor-background-overlay\"><\/div>\n\t\t\t\t\t\t\t<div class=\"elementor-container elementor-column-gap-default\">\n\t\t\t\t\t<div class=\"elementor-column elementor-col-50 elementor-top-column elementor-element elementor-element-d1b536c\" data-id=\"d1b536c\" data-element_type=\"column\" data-e-type=\"column\">\n\t\t\t<div class=\"elementor-widget-wrap elementor-element-populated\">\n\t\t\t\t\t\t<div class=\"elementor-element elementor-element-755e148 elementor-widget__width-initial elementor-widget elementor-widget-heading\" data-id=\"755e148\" data-element_type=\"widget\" data-e-type=\"widget\" data-widget_type=\"heading.default\">\n\t\t\t\t<div class=\"elementor-widget-container\">\n\t\t\t\t\t<h1 class=\"elementor-heading-title elementor-size-large\">Pourquoi travailler en dehors de son bureau ?<\/h1>\t\t\t\t<\/div>\n\t\t\t\t<\/div>\n\t\t\t\t<div class=\"elementor-element elementor-element-c377b1d elementor-widget elementor-widget-text-editor\" data-id=\"c377b1d\" data-element_type=\"widget\" data-e-type=\"widget\" data-widget_type=\"text-editor.default\">\n\t\t\t\t<div class=\"elementor-widget-container\">\n\t\t\t\t\t\t\t\t\t<p><strong><span style=\"color: #ffffff;\">Changer de cadre pour changer d&rsquo;id\u00e9es \ud83d\ude09<br \/><\/span><\/strong><\/p>\t\t\t\t\t\t\t\t<\/div>\n\t\t\t\t<\/div>\n\t\t\t\t\t<\/div>\n\t\t<\/div>\n\t\t\t\t<div class=\"elementor-column elementor-col-50 elementor-top-column elementor-element elementor-element-ecf4819\" data-id=\"ecf4819\" data-element_type=\"column\" data-e-type=\"column\">\n\t\t\t<div class=\"elementor-widget-wrap elementor-element-populated\">\n\t\t\t\t\t\t<div class=\"elementor-element elementor-element-bac6cac elementor-widget elementor-widget-spacer\" data-id=\"bac6cac\" data-element_type=\"widget\" data-e-type=\"widget\" data-widget_type=\"spacer.default\">\n\t\t\t\t<div class=\"elementor-widget-container\">\n\t\t\t\t\t\t\t<div class=\"elementor-spacer\">\n\t\t\t<div class=\"elementor-spacer-inner\"><\/div>\n\t\t<\/div>\n\t\t\t\t\t\t<\/div>\n\t\t\t\t<\/div>\n\t\t\t\t\t<\/div>\n\t\t<\/div>\n\t\t\t\t\t<\/div>\n\t\t<\/section>\n\t\t\t\t<section class=\"elementor-section elementor-top-section elementor-element elementor-element-afc378a elementor-section-boxed elementor-section-height-default elementor-section-height-default\" data-id=\"afc378a\" data-element_type=\"section\" data-e-type=\"section\">\n\t\t\t\t\t\t<div class=\"elementor-container elementor-column-gap-default\">\n\t\t\t\t\t<div class=\"elementor-column elementor-col-100 elementor-top-column elementor-element elementor-element-dd22446\" data-id=\"dd22446\" data-element_type=\"column\" data-e-type=\"column\">\n\t\t\t<div class=\"elementor-widget-wrap elementor-element-populated\">\n\t\t\t\t\t\t<div class=\"elementor-element elementor-element-46ef735 elementor-widget elementor-widget-spacer\" data-id=\"46ef735\" data-element_type=\"widget\" data-e-type=\"widget\" data-widget_type=\"spacer.default\">\n\t\t\t\t<div class=\"elementor-widget-container\">\n\t\t\t\t\t\t\t<div class=\"elementor-spacer\">\n\t\t\t<div class=\"elementor-spacer-inner\"><\/div>\n\t\t<\/div>\n\t\t\t\t\t\t<\/div>\n\t\t\t\t<\/div>\n\t\t\t\t<div class=\"elementor-element elementor-element-4806eb2 elementor-widget__width-initial elementor-widget elementor-widget-text-editor\" data-id=\"4806eb2\" data-element_type=\"widget\" data-e-type=\"widget\" data-widget_type=\"text-editor.default\">\n\t\t\t\t<div class=\"elementor-widget-container\">\n\t\t\t\t\t\t\t\t\t<p><span style=\"font-size: 1rem;\">Le t\u00e9l\u00e9travail s\u2019est impos\u00e9 dans nos vies, parfois un peu par surprise. Beaucoup y ont trouv\u00e9 leur \u00e9quilibre, mais on s\u2019est aussi rendu compte que rester enferm\u00e9\u00b7e dans les m\u00eames quatre murs tous les jours n\u2019est pas toujours la meilleure option pour rester <strong>concentr\u00e9\u00b7e, inspir\u00e9\u00b7e\u2026<\/strong> ou tout simplement de bonne humeur. \ud83d\ude05\ud83d\udc69\u200d\ud83d\udcbb<\/span><\/p><p data-start=\"779\" data-end=\"1033\">Alors pourquoi ne pas varier les plaisirs \u2013 et les lieux ? Que vous soyez freelance, salari\u00e9\u00b7e \u00e0 distance, \u00e9tudiant\u00b7e en projet ou cr\u00e9atif\u00b7ve en qu\u00eate d\u2019un coin tranquille, <strong>travailler en dehors de son bureau<\/strong> peut changer bien plus de choses qu\u2019on ne le pense. \ud83d\udc40<\/p><p data-start=\"1035\" data-end=\"1294\">En effet, \u00e0 L\u2019Occasion Caf\u00e9, on vous accueille toute la semaine pour faire de vos journ\u00e9es de travail des moments <strong>efficaces, agr\u00e9ables, et inspirants<\/strong>. <br \/>Voici pourquoi \u00e7a vaut le coup de troquer, de temps en temps, son bureau (ou son salon) <span style=\"text-decoration: underline;\"><span style=\"color: #333399; text-decoration: underline;\"><a style=\"color: #333399; text-decoration: underline;\" href=\"https:\/\/www.loccasioncafe.com\/fr\/la-carte\/\">pour un bon caf\u00e9.<\/a><\/span><\/span>\u00a0<span style=\"font-size: 1rem;\">\ud83d\ude0c<\/span><\/p>\t\t\t\t\t\t\t\t<\/div>\n\t\t\t\t<\/div>\n\t\t\t\t<div class=\"elementor-element elementor-element-0905ae0 elementor-widget elementor-widget-spacer\" data-id=\"0905ae0\" data-element_type=\"widget\" data-e-type=\"widget\" data-widget_type=\"spacer.default\">\n\t\t\t\t<div class=\"elementor-widget-container\">\n\t\t\t\t\t\t\t<div class=\"elementor-spacer\">\n\t\t\t<div class=\"elementor-spacer-inner\"><\/div>\n\t\t<\/div>\n\t\t\t\t\t\t<\/div>\n\t\t\t\t<\/div>\n\t\t\t\t<div class=\"elementor-element elementor-element-8827886 elementor-widget elementor-widget-heading\" data-id=\"8827886\" data-element_type=\"widget\" data-e-type=\"widget\" data-widget_type=\"heading.default\">\n\t\t\t\t<div class=\"elementor-widget-container\">\n\t\t\t\t\t<h2 class=\"elementor-heading-title elementor-size-default\">travailler dans un environnement apaisant et inspirant<\/h2>\t\t\t\t<\/div>\n\t\t\t\t<\/div>\n\t\t\t\t<div class=\"elementor-element elementor-element-1af91cb elementor-widget elementor-widget-text-editor\" data-id=\"1af91cb\" data-element_type=\"widget\" data-e-type=\"widget\" data-widget_type=\"text-editor.default\">\n\t\t\t\t<div class=\"elementor-widget-container\">\n\t\t\t\t\t\t\t\t\t<p><span style=\"font-size: 1rem;\">D&rsquo;abord, on sous-estime souvent <strong>l\u2019impact du lieu<\/strong> sur notre fa\u00e7on de travailler. \ud83d\udc69\u200d\ud83d\udcbb Pourtant, notre environnement agit directement sur notre niveau de <strong>concentration, notre motivation<\/strong>, et m\u00eame notre capacit\u00e9 \u00e0 trouver des id\u00e9es nouvelles. Qui n\u2019a jamais tourn\u00e9 en rond chez soi, en esp\u00e9rant qu\u2019une bonne id\u00e9e finisse par surgir\u2026 entre deux lessives ? \ud83d\udc40<\/span><\/p><p data-start=\"1707\" data-end=\"2095\">Parfois, un lieu apaisant, lumineux, et <span style=\"text-decoration: underline; color: #333399;\"><a style=\"color: #333399; text-decoration: underline;\" href=\"https:\/\/open.spotify.com\/playlist\/37syYn5xgccHDwYxbMyxG5?si=6e8a60973e71429a\">une bonne playlist<\/a><\/span> agit comme un d\u00e9clencheur. C\u2019est simple : quand on se sent bien quelque part, on travaille mieux. En effet, des \u00e9tudes ont montr\u00e9 que les environnements chaleureux, bien \u00e9clair\u00e9s, avec des \u00e9l\u00e9ments naturels, favorisent la concentration et <strong>r\u00e9duisent le stress<\/strong>. \ud83d\ude0c\ud83e\udef6<\/p><p data-start=\"2097\" data-end=\"2357\">Chez L\u2019Occasion Caf\u00e9, on veille \u00e0 ce que vous puissiez vous approprier l\u2019espace facilement. Ainsi, vous pouvez vous poser seul\u00b7e face \u00e0 votre ordi, \u00e9crire \u00e0 la main dans un carnet, ou m\u00eame organiser une mini session de brainstorming\u2026 <strong>Le lieu devient un soutien, pas un obstacle<\/strong>. \ud83d\ude4c De nombreuses entreprises et associations du coin viennent d&rsquo;ailleurs souvent faire leurs r\u00e9unions chez nous ! On passe le coucou \u00e0 Set Up et \u00e0 V\u00e9loxyg\u00e8ne \ud83d\ude09<\/p><p data-start=\"2359\" data-end=\"2717\">Cependant, il n\u2019y a pas que la productivit\u00e9 dans la vie : la cr\u00e9ativit\u00e9 elle aussi, a besoin de bonnes conditions pour s\u2019exprimer. En changeant d\u2019environnement, on d\u00e9bloque souvent des pens\u00e9es neuves. Ce qui semblait flou dans son bureau devient limpide dans un environnement inhabituel et une nouvelle boisson bien chaude. \ud83c\udf1e<span style=\"font-size: 1rem;\">\u2615\ufe0f<\/span><\/p>\t\t\t\t\t\t\t\t<\/div>\n\t\t\t\t<\/div>\n\t\t\t\t<div class=\"elementor-element elementor-element-3064d8b elementor-widget elementor-widget-spacer\" data-id=\"3064d8b\" data-element_type=\"widget\" data-e-type=\"widget\" data-widget_type=\"spacer.default\">\n\t\t\t\t<div class=\"elementor-widget-container\">\n\t\t\t\t\t\t\t<div class=\"elementor-spacer\">\n\t\t\t<div class=\"elementor-spacer-inner\"><\/div>\n\t\t<\/div>\n\t\t\t\t\t\t<\/div>\n\t\t\t\t<\/div>\n\t\t\t\t<div class=\"elementor-element elementor-element-3b2b7b3 elementor-widget elementor-widget-heading\" data-id=\"3b2b7b3\" data-element_type=\"widget\" data-e-type=\"widget\" data-widget_type=\"heading.default\">\n\t\t\t\t<div class=\"elementor-widget-container\">\n\t\t\t\t\t<h2 class=\"elementor-heading-title elementor-size-default\">Travailler, r\u00e9seauter et \u00e9viter l'isolement<\/h2>\t\t\t\t<\/div>\n\t\t\t\t<\/div>\n\t\t\t\t<div class=\"elementor-element elementor-element-dec2138 elementor-widget elementor-widget-text-editor\" data-id=\"dec2138\" data-element_type=\"widget\" data-e-type=\"widget\" data-widget_type=\"text-editor.default\">\n\t\t\t\t<div class=\"elementor-widget-container\">\n\t\t\t\t\t\t\t\t\t<p>Le t\u00e9l\u00e9travail est devenu la norme pour beaucoup. Mais \u00e0 force d\u2019encha\u00eener les journ\u00e9es seul\u00b7e chez soi, la solitude peut parfois s\u2019installer sans pr\u00e9venir. Loin de ses coll\u00e8gues, on d\u00e9clenche moins de conversations spontan\u00e9es, moins d\u2019\u00e9changes informels\u2026 Ainsi, une journ\u00e9e de travail peut vite passer sans croiser personne. \u00c0 la longue, cela peut peser sur le moral, mais aussi sur la <strong>qualit\u00e9 du travail<\/strong>. \ud83e\udde0<\/p><p data-start=\"3323\" data-end=\"3612\">Premi\u00e8rement, sortir de chez soi, ce n\u2019est pas seulement retrouver un cadre stimulant : c\u2019est aussi <strong>recr\u00e9er du lien<\/strong>. Et ce lien peut prendre plein de formes ! Une discussion autour du comptoir, un \u00e9change de conseils, un \u201ctu bosses sur quoi ?\u201d peut faire du bien, et peut-\u00eatre d\u00e9boucher sur une collaboration, qui sait ? \ud83d\ude4c\u2615\ufe0f<\/p><p data-start=\"3614\" data-end=\"3875\">Puis, dans un lieu comme L\u2019Occasion Caf\u00e9, il n\u2019est pas rare que les habitu\u00e9\u00b7es se reconnaissent, se parlent et s\u2019entraident. Bien que nous ne sommes pas un espace de coworking au sens strict, on accueille les \u00e9tudiants, les freelances, les artistes&#8230; Nous voulions faire de l&rsquo;Occasion Caf\u00e9 un <strong>lieu de passage bienveillant et vivant<\/strong>.<br \/><span style=\"font-size: 1rem;\">En effet, r\u00e9seauter, ce n\u2019est pas toujours sortir ses cartes de visite. C\u2019est simplement parler de ce sur quoi on travaille, demander un avis, d\u00e9couvrir que la personne \u00e0 c\u00f4t\u00e9 de soi a peut-\u00eatre une comp\u00e9tence ou une id\u00e9e qui vous manquait. C\u2019est se rappeler que le travail peut \u00eatre une <strong>aventure collective<\/strong>, m\u00eame quand on est ind\u00e9pendant\u00b7e.<\/span><\/p><p data-start=\"4220\" data-end=\"4397\">Ainsi, en \u00e9vitant l\u2019isolement, on retrouve aussi de l\u2019\u00e9nergie. Le sentiment d\u2019appartenance, m\u00eame ponctuel, booste la motivation. On se sent entour\u00e9\u00b7e, soutenu\u00b7e, et souvent\u2026 inspir\u00e9\u00b7e. \ud83d\udcaa<\/p><p><!-- notionvc: deebcb7e-93c9-46b3-a7a4-5460bc2f4da6 --><\/p>\t\t\t\t\t\t\t\t<\/div>\n\t\t\t\t<\/div>\n\t\t\t\t<div class=\"elementor-element elementor-element-ca8cc38 elementor-widget elementor-widget-spacer\" data-id=\"ca8cc38\" data-element_type=\"widget\" data-e-type=\"widget\" data-widget_type=\"spacer.default\">\n\t\t\t\t<div class=\"elementor-widget-container\">\n\t\t\t\t\t\t\t<div class=\"elementor-spacer\">\n\t\t\t<div class=\"elementor-spacer-inner\"><\/div>\n\t\t<\/div>\n\t\t\t\t\t\t<\/div>\n\t\t\t\t<\/div>\n\t\t\t\t<div class=\"elementor-element elementor-element-1c375a2 elementor-widget elementor-widget-heading\" data-id=\"1c375a2\" data-element_type=\"widget\" data-e-type=\"widget\" data-widget_type=\"heading.default\">\n\t\t\t\t<div class=\"elementor-widget-container\">\n\t\t\t\t\t<h2 class=\"elementor-heading-title elementor-size-default\">Travailler efficacement, mais avec plaisir...<\/h2>\t\t\t\t<\/div>\n\t\t\t\t<\/div>\n\t\t\t\t<div class=\"elementor-element elementor-element-0fd8e31 elementor-widget elementor-widget-text-editor\" data-id=\"0fd8e31\" data-element_type=\"widget\" data-e-type=\"widget\" data-widget_type=\"text-editor.default\">\n\t\t\t\t<div class=\"elementor-widget-container\">\n\t\t\t\t\t\t\t\t\t<p>On ne va pas se mentir : une des vraies raisons de travailler dans un caf\u00e9, c\u2019est la boisson chaude qui vous accompagne tout au long de la journ\u00e9e. Mais pas n\u2019importe laquelle. \ud83d\udc40<\/p><p data-start=\"4626\" data-end=\"4872\">Chez nous, chaque caf\u00e9 est pr\u00e9par\u00e9 avec soin, \u00e0 partir de grains torr\u00e9fi\u00e9s localement. Que vous soyez plut\u00f4t cappuccino\u00a0 classique, latte gourmand ou <span style=\"text-decoration: underline;\"><span style=\"color: #333399; text-decoration: underline;\"><a style=\"color: #333399; text-decoration: underline;\" href=\"https:\/\/www.loccasioncafe.com\/fr\/2023\/10\/18\/slow-coffee-comment-faire-un-bon-v60\/\">caf\u00e9 filtre en m\u00e9thode douce<\/a><\/span><\/span>, on vous sert une <strong>boisson qui fait du bien autant au palais qu\u2019\u00e0 l\u2019esprit<\/strong>. \u2615\ufe0f\ud83d\ude0c<\/p><p data-start=\"4874\" data-end=\"5128\">Enfin, si vous n\u2019\u00eates pas amateur\u00b7ice de caf\u00e9, pas de panique : nos th\u00e9s, infusions, matchas ou cha\u00ef lattes sont l\u00e0 pour vous chouchouter. <strong>Une pause gourmande<\/strong>, c\u2019est souvent ce qu\u2019il faut pour relancer sa motivation ou s\u2019offrir une vraie coupure dans la journ\u00e9e. \ud83d\ude0b<\/p><p><strong>Travailler<\/strong> efficacement, oui. Mais <strong>avec plaisir<\/strong>.<\/p>\t\t\t\t\t\t\t\t<\/div>\n\t\t\t\t<\/div>\n\t\t\t\t<div class=\"elementor-element elementor-element-63390eb elementor-widget elementor-widget-spacer\" data-id=\"63390eb\" data-element_type=\"widget\" data-e-type=\"widget\" data-widget_type=\"spacer.default\">\n\t\t\t\t<div class=\"elementor-widget-container\">\n\t\t\t\t\t\t\t<div class=\"elementor-spacer\">\n\t\t\t<div class=\"elementor-spacer-inner\"><\/div>\n\t\t<\/div>\n\t\t\t\t\t\t<\/div>\n\t\t\t\t<\/div>\n\t\t\t\t<div class=\"elementor-element elementor-element-f29d535 elementor-widget elementor-widget-heading\" data-id=\"f29d535\" data-element_type=\"widget\" data-e-type=\"widget\" data-widget_type=\"heading.default\">\n\t\t\t\t<div class=\"elementor-widget-container\">\n\t\t\t\t\t<h3 class=\"elementor-heading-title elementor-size-default\">Et si c'\u00e9tait \u00e7a, votre nouveau bureau de la semaine ?<\/h3>\t\t\t\t<\/div>\n\t\t\t\t<\/div>\n\t\t\t\t<div class=\"elementor-element elementor-element-ecd3db6 elementor-widget elementor-widget-text-editor\" data-id=\"ecd3db6\" data-element_type=\"widget\" data-e-type=\"widget\" data-widget_type=\"text-editor.default\">\n\t\t\t\t<div class=\"elementor-widget-container\">\n\t\t\t\t\t\t\t\t\t<p><span style=\"font-size: 1rem;\">Finalement, travailler en dehors de chez soi, ce n\u2019est pas qu\u2019un changement de lieu : c\u2019est une fa\u00e7on de <strong>redonner du rythme, du sens et de la douceur \u00e0 sa journ\u00e9e<\/strong>. \ud83d\ude0c<\/span><\/p><p><span style=\"font-size: 1rem;\">Chez L\u2019Occasion Caf\u00e9, on vous accueille du lundi au vendredi avec des prises partout (oui oui), du bon caf\u00e9, une ambiance d\u00e9tendue, et <span style=\"text-decoration: underline;\"><span style=\"color: #333399; text-decoration: underline;\"><a style=\"color: #333399; text-decoration: underline;\" href=\"https:\/\/www.loccasioncafe.com\/fr\/2023\/10\/20\/les-bienfaits-du-cafe\/\">ce petit je-ne-sais-quoi qui rend le travail plus agr\u00e9able.<\/a><\/span><\/span> \u2b50\ufe0f<\/span><\/p><p><!-- notionvc: deebcb7e-93c9-46b3-a7a4-5460bc2f4da6 --><\/p>\t\t\t\t\t\t\t\t<\/div>\n\t\t\t\t<\/div>\n\t\t\t\t<div class=\"elementor-element elementor-element-8a98e10 elementor-widget elementor-widget-image\" data-id=\"8a98e10\" data-element_type=\"widget\" data-e-type=\"widget\" data-widget_type=\"image.default\">\n\t\t\t\t<div class=\"elementor-widget-container\">\n\t\t\t\t\t\t\t\t\t\t\t\t\t\t\t<img fetchpriority=\"high\" decoding=\"async\" width=\"512\" height=\"512\" src=\"https:\/\/www.loccasioncafe.com\/wp-content\/uploads\/2023\/02\/cropped-272940560_477254030506129_8394105717698766571_n.png\" class=\"attachment-large size-large wp-image-2203\" alt=\"\" srcset=\"https:\/\/www.loccasioncafe.com\/wp-content\/uploads\/2023\/02\/cropped-272940560_477254030506129_8394105717698766571_n.png 512w, https:\/\/www.loccasioncafe.com\/wp-content\/uploads\/2023\/02\/cropped-272940560_477254030506129_8394105717698766571_n-300x300.png 300w, https:\/\/www.loccasioncafe.com\/wp-content\/uploads\/2023\/02\/cropped-272940560_477254030506129_8394105717698766571_n-150x150.png 150w, https:\/\/www.loccasioncafe.com\/wp-content\/uploads\/2023\/02\/cropped-272940560_477254030506129_8394105717698766571_n-270x270.png 270w, https:\/\/www.loccasioncafe.com\/wp-content\/uploads\/2023\/02\/cropped-272940560_477254030506129_8394105717698766571_n-192x192.png 192w, https:\/\/www.loccasioncafe.com\/wp-content\/uploads\/2023\/02\/cropped-272940560_477254030506129_8394105717698766571_n-180x180.png 180w, https:\/\/www.loccasioncafe.com\/wp-content\/uploads\/2023\/02\/cropped-272940560_477254030506129_8394105717698766571_n-32x32.png 32w\" sizes=\"(max-width: 512px) 100vw, 512px\" \/>\t\t\t\t\t\t\t\t\t\t\t\t\t\t\t<\/div>\n\t\t\t\t<\/div>\n\t\t\t\t<div class=\"elementor-element elementor-element-851c3c3 elementor-widget elementor-widget-spacer\" data-id=\"851c3c3\" data-element_type=\"widget\" data-e-type=\"widget\" data-widget_type=\"spacer.default\">\n\t\t\t\t<div class=\"elementor-widget-container\">\n\t\t\t\t\t\t\t<div class=\"elementor-spacer\">\n\t\t\t<div class=\"elementor-spacer-inner\"><\/div>\n\t\t<\/div>\n\t\t\t\t\t\t<\/div>\n\t\t\t\t<\/div>\n\t\t\t\t<div class=\"elementor-element elementor-element-940ea01 elementor-widget elementor-widget-text-editor\" data-id=\"940ea01\" data-element_type=\"widget\" data-e-type=\"widget\" data-widget_type=\"text-editor.default\">\n\t\t\t\t<div class=\"elementor-widget-container\">\n\t\t\t\t\t\t\t\t\t<p data-start=\"5604\" data-end=\"5762\">Que vous veniez pour r\u00e9diger un dossier, avancer sur un projet cr\u00e9atif ou simplement vous concentrer ailleurs que dans votre salon, vous \u00eates les bienvenu\u00b7es. \ud83e\udef6<br><span style=\"font-size: 1rem;\">Et puis qui sait ? Vous pourriez bien trouver ici votre <strong>nouveau spot de productivit\u00e9 pr\u00e9f\u00e9r\u00e9<\/strong>. \u2764\ufe0f<\/span><\/p>\n<p><span style=\"font-size: 1rem;\">\u00c0 bient\u00f4t \u00e0 l\u2019Occasion Caf\u00e9. \u2705<\/span><\/p>\n<p><!-- notionvc: deebcb7e-93c9-46b3-a7a4-5460bc2f4da6 --><\/p>\t\t\t\t\t\t\t\t<\/div>\n\t\t\t\t<\/div>\n\t\t\t\t<div class=\"elementor-element elementor-element-cc058c2 elementor-widget elementor-widget-spacer\" data-id=\"cc058c2\" data-element_type=\"widget\" data-e-type=\"widget\" data-widget_type=\"spacer.default\">\n\t\t\t\t<div class=\"elementor-widget-container\">\n\t\t\t\t\t\t\t<div class=\"elementor-spacer\">\n\t\t\t<div class=\"elementor-spacer-inner\"><\/div>\n\t\t<\/div>\n\t\t\t\t\t\t<\/div>\n\t\t\t\t<\/div>\n\t\t\t\t\t<\/div>\n\t\t<\/div>\n\t\t\t\t\t<\/div>\n\t\t<\/section>\n\t\t\t\t<section class=\"elementor-section elementor-top-section elementor-element elementor-element-36ccacf8 elementor-section-height-min-height elementor-section-boxed elementor-section-height-default elementor-section-items-middle\" data-id=\"36ccacf8\" data-element_type=\"section\" data-e-type=\"section\">\n\t\t\t\t\t\t<div class=\"elementor-container elementor-column-gap-default\">\n\t\t\t\t\t<div class=\"elementor-column elementor-col-100 elementor-top-column elementor-element elementor-element-519c6de6\" data-id=\"519c6de6\" data-element_type=\"column\" data-e-type=\"column\">\n\t\t\t<div class=\"elementor-widget-wrap elementor-element-populated\">\n\t\t\t\t\t\t<div class=\"elementor-element elementor-element-1cf8d011 elementor-widget elementor-widget-heading\" data-id=\"1cf8d011\" data-element_type=\"widget\" data-e-type=\"widget\" data-widget_type=\"heading.default\">\n\t\t\t\t<div class=\"elementor-widget-container\">\n\t\t\t\t\t<h2 class=\"elementor-heading-title elementor-size-default\">Nos articles<\/h2>\t\t\t\t<\/div>\n\t\t\t\t<\/div>\n\t\t\t\t<div class=\"elementor-element elementor-element-2423e004 elementor-grid-3 elementor-grid-tablet-2 elementor-grid-mobile-1 elementor-posts--thumbnail-top elementor-card-shadow-yes elementor-posts__hover-gradient elementor-widget elementor-widget-posts\" data-id=\"2423e004\" data-element_type=\"widget\" data-e-type=\"widget\" data-settings=\"{&quot;cards_row_gap&quot;:{&quot;unit&quot;:&quot;px&quot;,&quot;size&quot;:&quot;&quot;,&quot;sizes&quot;:[]},&quot;cards_columns&quot;:&quot;3&quot;,&quot;cards_columns_tablet&quot;:&quot;2&quot;,&quot;cards_columns_mobile&quot;:&quot;1&quot;,&quot;cards_row_gap_widescreen&quot;:{&quot;unit&quot;:&quot;px&quot;,&quot;size&quot;:&quot;&quot;,&quot;sizes&quot;:[]},&quot;cards_row_gap_laptop&quot;:{&quot;unit&quot;:&quot;px&quot;,&quot;size&quot;:&quot;&quot;,&quot;sizes&quot;:[]},&quot;cards_row_gap_tablet&quot;:{&quot;unit&quot;:&quot;px&quot;,&quot;size&quot;:&quot;&quot;,&quot;sizes&quot;:[]},&quot;cards_row_gap_mobile&quot;:{&quot;unit&quot;:&quot;px&quot;,&quot;size&quot;:&quot;&quot;,&quot;sizes&quot;:[]}}\" data-widget_type=\"posts.cards\">\n\t\t\t\t<div class=\"elementor-widget-container\">\n\t\t\t\t\t\t\t<div class=\"elementor-posts-container elementor-posts elementor-posts--skin-cards elementor-grid\" role=\"list\">\n\t\t\t\t<article class=\"elementor-post elementor-grid-item post-4320 post type-post status-publish format-standard has-post-thumbnail hentry category-blog-fr-en\" role=\"listitem\">\n\t\t\t<div class=\"elementor-post__card\">\n\t\t\t\t<a class=\"elementor-post__thumbnail__link\" href=\"https:\/\/www.loccasioncafe.com\/?p=4320\" tabindex=\"-1\" target=\"_blank\"><div class=\"elementor-post__thumbnail\"><img decoding=\"async\" width=\"300\" height=\"200\" src=\"https:\/\/www.loccasioncafe.com\/wp-content\/uploads\/2025\/05\/564a2ed1-06de-456f-8913-39b454826c60-300x200.jpeg\" class=\"attachment-medium size-medium wp-image-4313\" alt=\"Coworking\" srcset=\"https:\/\/www.loccasioncafe.com\/wp-content\/uploads\/2025\/05\/564a2ed1-06de-456f-8913-39b454826c60-300x200.jpeg 300w, https:\/\/www.loccasioncafe.com\/wp-content\/uploads\/2025\/05\/564a2ed1-06de-456f-8913-39b454826c60-1024x683.jpeg 1024w, https:\/\/www.loccasioncafe.com\/wp-content\/uploads\/2025\/05\/564a2ed1-06de-456f-8913-39b454826c60-768x512.jpeg 768w, https:\/\/www.loccasioncafe.com\/wp-content\/uploads\/2025\/05\/564a2ed1-06de-456f-8913-39b454826c60-1536x1024.jpeg 1536w, https:\/\/www.loccasioncafe.com\/wp-content\/uploads\/2025\/05\/564a2ed1-06de-456f-8913-39b454826c60.jpeg 2048w\" sizes=\"(max-width: 300px) 100vw, 300px\" \/><\/div><\/a>\n\t\t\t\t<div class=\"elementor-post__text\">\n\t\t\t\t<h3 class=\"elementor-post__title\">\n\t\t\t<a href=\"https:\/\/www.loccasioncafe.com\/?p=4320\" target=&quot;_blank&quot;>\n\t\t\t\tWhy work outside your office?\t\t\t<\/a>\n\t\t<\/h3>\n\t\t\t\t<div class=\"elementor-post__excerpt\">\n\t\t\t<p>Here&rsquo;s why it&rsquo;s worth trading in your office (or living room) for a good cup of coffee and an inspiring\t\t<\/div>\n\t\t\n\t\t<a class=\"elementor-post__read-more\" href=\"https:\/\/www.loccasioncafe.com\/?p=4320\" aria-label=\"En savoir plus sur Why work outside your office?\" tabindex=\"-1\" target=\"_blank\">\n\t\t\tLire la suite \u00bb\t\t<\/a>\n\n\t\t\t\t<\/div>\n\t\t\t\t\t<\/div>\n\t\t<\/article>\n\t\t\t\t<article class=\"elementor-post elementor-grid-item post-4312 post type-post status-publish format-standard has-post-thumbnail hentry category-blog-fr\" role=\"listitem\">\n\t\t\t<div class=\"elementor-post__card\">\n\t\t\t\t<a class=\"elementor-post__thumbnail__link\" href=\"https:\/\/www.loccasioncafe.com\/?p=4312&#038;lang=fr\" tabindex=\"-1\" target=\"_blank\"><div class=\"elementor-post__thumbnail\"><img decoding=\"async\" width=\"300\" height=\"200\" src=\"https:\/\/www.loccasioncafe.com\/wp-content\/uploads\/2025\/05\/564a2ed1-06de-456f-8913-39b454826c60-300x200.jpeg\" class=\"attachment-medium size-medium wp-image-4313\" alt=\"Coworking\" srcset=\"https:\/\/www.loccasioncafe.com\/wp-content\/uploads\/2025\/05\/564a2ed1-06de-456f-8913-39b454826c60-300x200.jpeg 300w, https:\/\/www.loccasioncafe.com\/wp-content\/uploads\/2025\/05\/564a2ed1-06de-456f-8913-39b454826c60-1024x683.jpeg 1024w, https:\/\/www.loccasioncafe.com\/wp-content\/uploads\/2025\/05\/564a2ed1-06de-456f-8913-39b454826c60-768x512.jpeg 768w, https:\/\/www.loccasioncafe.com\/wp-content\/uploads\/2025\/05\/564a2ed1-06de-456f-8913-39b454826c60-1536x1024.jpeg 1536w, https:\/\/www.loccasioncafe.com\/wp-content\/uploads\/2025\/05\/564a2ed1-06de-456f-8913-39b454826c60.jpeg 2048w\" sizes=\"(max-width: 300px) 100vw, 300px\" \/><\/div><\/a>\n\t\t\t\t<div class=\"elementor-post__text\">\n\t\t\t\t<h3 class=\"elementor-post__title\">\n\t\t\t<a href=\"https:\/\/www.loccasioncafe.com\/?p=4312&amp;lang=fr\" target=&quot;_blank&quot;>\n\t\t\t\tPourquoi travailler en dehors de son bureau ?\t\t\t<\/a>\n\t\t<\/h3>\n\t\t\t\t<div class=\"elementor-post__excerpt\">\n\t\t\t<p>Voici pourquoi \u00e7a vaut le coup de troquer, de temps en temps, son bureau (ou son salon) pour un bon\t\t<\/div>\n\t\t\n\t\t<a class=\"elementor-post__read-more\" href=\"https:\/\/www.loccasioncafe.com\/?p=4312&#038;lang=fr\" aria-label=\"En savoir plus sur Pourquoi travailler en dehors de son bureau ?\" tabindex=\"-1\" target=\"_blank\">\n\t\t\tLire la suite \u00bb\t\t<\/a>\n\n\t\t\t\t<\/div>\n\t\t\t\t\t<\/div>\n\t\t<\/article>\n\t\t\t\t<article class=\"elementor-post elementor-grid-item post-4357 post type-post status-publish format-standard has-post-thumbnail hentry category-blog-fr\" role=\"listitem\">\n\t\t\t<div class=\"elementor-post__card\">\n\t\t\t\t<a class=\"elementor-post__thumbnail__link\" href=\"https:\/\/www.loccasioncafe.com\/?p=4357&#038;lang=fr\" tabindex=\"-1\" target=\"_blank\"><div class=\"elementor-post__thumbnail\"><img decoding=\"async\" width=\"169\" height=\"300\" src=\"https:\/\/www.loccasioncafe.com\/wp-content\/uploads\/2025\/05\/DSC08950-169x300.jpg\" class=\"attachment-medium size-medium wp-image-4358\" alt=\"ub\u00e9 latte\" srcset=\"https:\/\/www.loccasioncafe.com\/wp-content\/uploads\/2025\/05\/DSC08950-169x300.jpg 169w, https:\/\/www.loccasioncafe.com\/wp-content\/uploads\/2025\/05\/DSC08950-576x1024.jpg 576w, https:\/\/www.loccasioncafe.com\/wp-content\/uploads\/2025\/05\/DSC08950-768x1365.jpg 768w, https:\/\/www.loccasioncafe.com\/wp-content\/uploads\/2025\/05\/DSC08950-864x1536.jpg 864w, https:\/\/www.loccasioncafe.com\/wp-content\/uploads\/2025\/05\/DSC08950-1152x2048.jpg 1152w, https:\/\/www.loccasioncafe.com\/wp-content\/uploads\/2025\/05\/DSC08950-scaled.jpg 1440w\" sizes=\"(max-width: 169px) 100vw, 169px\" \/><\/div><\/a>\n\t\t\t\t<div class=\"elementor-post__text\">\n\t\t\t\t<h3 class=\"elementor-post__title\">\n\t\t\t<a href=\"https:\/\/www.loccasioncafe.com\/?p=4357&amp;lang=fr\" target=&quot;_blank&quot;>\n\t\t\t\tL&rsquo;Ub\u00e9 latte : ses origines, ses bienfaits et pourquoi vous l&rsquo;adorez\t\t\t<\/a>\n\t\t<\/h3>\n\t\t\t\t<div class=\"elementor-post__excerpt\">\n\t\t\t<p>L&rsquo;Ub\u00e9 : cette fameuse poudre violette tant \u00e0 la mode en ce moment. \ud83d\udc9c<br \/> On vous en d\u00e9voile un\t\t<\/div>\n\t\t\n\t\t<a class=\"elementor-post__read-more\" href=\"https:\/\/www.loccasioncafe.com\/?p=4357&#038;lang=fr\" aria-label=\"En savoir plus sur L&rsquo;Ub\u00e9 latte : ses origines, ses bienfaits et pourquoi vous l&rsquo;adorez\" tabindex=\"-1\" target=\"_blank\">\n\t\t\tLire la suite \u00bb\t\t<\/a>\n\n\t\t\t\t<\/div>\n\t\t\t\t\t<\/div>\n\t\t<\/article>\n\t\t\t\t<\/div>\n\t\t\n\t\t\t\t\t\t<\/div>\n\t\t\t\t<\/div>\n\t\t\t\t\t<\/div>\n\t\t<\/div>\n\t\t\t\t\t<\/div>\n\t\t<\/section>\n\t\t\t\t<section class=\"elementor-section elementor-top-section elementor-element elementor-element-ea888ac elementor-section-height-min-height elementor-section-boxed elementor-section-height-default elementor-section-items-middle\" data-id=\"ea888ac\" data-element_type=\"section\" data-e-type=\"section\">\n\t\t\t\t\t\t<div class=\"elementor-container elementor-column-gap-default\">\n\t\t\t\t\t<div class=\"elementor-column elementor-col-100 elementor-top-column elementor-element elementor-element-787c26a\" data-id=\"787c26a\" data-element_type=\"column\" data-e-type=\"column\">\n\t\t\t<div class=\"elementor-widget-wrap elementor-element-populated\">\n\t\t\t\t\t\t<div class=\"elementor-element elementor-element-ec08069 elementor-align-center elementor-widget elementor-widget-button\" data-id=\"ec08069\" data-element_type=\"widget\" data-e-type=\"widget\" data-widget_type=\"button.default\">\n\t\t\t\t<div class=\"elementor-widget-container\">\n\t\t\t\t\t\t\t\t\t<div class=\"elementor-button-wrapper\">\n\t\t\t\t\t<a class=\"elementor-button elementor-button-link elementor-size-sm\" href=\"https:\/\/www.loccasioncafe.com\/?page_id=1294&#038;lang=fr\" target=\"_blank\">\n\t\t\t\t\t\t<span class=\"elementor-button-content-wrapper\">\n\t\t\t\t\t\t\t\t\t<span class=\"elementor-button-text\">La carte<\/span>\n\t\t\t\t\t<\/span>\n\t\t\t\t\t<\/a>\n\t\t\t\t<\/div>\n\t\t\t\t\t\t\t\t<\/div>\n\t\t\t\t<\/div>\n\t\t\t\t\t<\/div>\n\t\t<\/div>\n\t\t\t\t\t<\/div>\n\t\t<\/section>\n\t\t\t\t<\/div>\n\t\t","protected":false},"excerpt":{"rendered":"<p>Voici pourquoi \u00e7a vaut le coup de troquer, de temps en temps, son bureau (ou son salon) pour un bon caf\u00e9 et une ambiance inspirante.<\/p>\n","protected":false},"author":1,"featured_media":4313,"comment_status":"closed","ping_status":"closed","sticky":false,"template":"","format":"standard","meta":{"inline_featured_image":false,"_jetpack_memberships_contains_paid_content":false,"footnotes":""},"categories":[38],"tags":[],"class_list":["post-4312","post","type-post","status-publish","format-standard","has-post-thumbnail","hentry","category-blog-fr"],"yoast_head":"<!-- This site is optimized with the Yoast SEO plugin v27.5 - https:\/\/yoast.com\/product\/yoast-seo-wordpress\/ -->\n<title>Pourquoi travailler en dehors de son bureau ? - L&#039;Occasion Caf\u00e9<\/title>\n<meta name=\"description\" content=\"Parfois, il vaut mieux troquer son salon pour un bon caf\u00e9 et une ambiance inspirante. Mais pourquoi travailler en dehors de son bureau ?\" \/>\n<meta name=\"robots\" content=\"index, follow, max-snippet:-1, max-image-preview:large, max-video-preview:-1\" \/>\n<link rel=\"canonical\" href=\"https:\/\/www.loccasioncafe.com\/?p=4312&lang=fr\" \/>\n<meta property=\"og:locale\" content=\"fr_FR\" \/>\n<meta property=\"og:type\" content=\"article\" \/>\n<meta property=\"og:title\" content=\"Pourquoi travailler en dehors de son bureau ? - L&#039;Occasion Caf\u00e9\" \/>\n<meta property=\"og:description\" content=\"Parfois, il vaut mieux troquer son salon pour un bon caf\u00e9 et une ambiance inspirante. Mais pourquoi travailler en dehors de son bureau ?\" \/>\n<meta property=\"og:url\" content=\"https:\/\/www.loccasioncafe.com\/?p=4312&amp;lang=fr\" \/>\n<meta property=\"og:site_name\" content=\"L&#039;Occasion Caf\u00e9\" \/>\n<meta property=\"article:published_time\" content=\"2025-06-26T09:43:39+00:00\" \/>\n<meta property=\"article:modified_time\" content=\"2025-06-26T09:43:41+00:00\" \/>\n<meta property=\"og:image\" content=\"https:\/\/www.loccasioncafe.com\/wp-content\/uploads\/2025\/05\/564a2ed1-06de-456f-8913-39b454826c60.jpeg\" \/>\n\t<meta property=\"og:image:width\" content=\"2048\" \/>\n\t<meta property=\"og:image:height\" content=\"1365\" \/>\n\t<meta property=\"og:image:type\" content=\"image\/jpeg\" \/>\n<meta name=\"author\" content=\"loccasioncafe\" \/>\n<meta name=\"twitter:card\" content=\"summary_large_image\" \/>\n<meta name=\"twitter:label1\" content=\"\u00c9crit par\" \/>\n\t<meta name=\"twitter:data1\" content=\"loccasioncafe\" \/>\n\t<meta name=\"twitter:label2\" content=\"Dur\u00e9e de lecture estim\u00e9e\" \/>\n\t<meta name=\"twitter:data2\" content=\"6 minutes\" \/>\n<script type=\"application\/ld+json\" class=\"yoast-schema-graph\">{\"@context\":\"https:\\\/\\\/schema.org\",\"@graph\":[{\"@type\":\"Article\",\"@id\":\"https:\\\/\\\/www.loccasioncafe.com\\\/?p=4312&lang=fr#article\",\"isPartOf\":{\"@id\":\"https:\\\/\\\/www.loccasioncafe.com\\\/?p=4312&lang=fr\"},\"author\":{\"name\":\"loccasioncafe\",\"@id\":\"https:\\\/\\\/www.loccasioncafe.com\\\/#\\\/schema\\\/person\\\/b6d5feddb8aae68026cc60b915510575\"},\"headline\":\"Pourquoi travailler en dehors de son bureau ?\",\"datePublished\":\"2025-06-26T09:43:39+00:00\",\"dateModified\":\"2025-06-26T09:43:41+00:00\",\"mainEntityOfPage\":{\"@id\":\"https:\\\/\\\/www.loccasioncafe.com\\\/?p=4312&lang=fr\"},\"wordCount\":1006,\"publisher\":{\"@id\":\"https:\\\/\\\/www.loccasioncafe.com\\\/#organization\"},\"image\":{\"@id\":\"https:\\\/\\\/www.loccasioncafe.com\\\/?p=4312&lang=fr#primaryimage\"},\"thumbnailUrl\":\"https:\\\/\\\/www.loccasioncafe.com\\\/wp-content\\\/uploads\\\/2025\\\/05\\\/564a2ed1-06de-456f-8913-39b454826c60.jpeg\",\"articleSection\":[\"Blog\"],\"inLanguage\":\"fr-FR\"},{\"@type\":\"WebPage\",\"@id\":\"https:\\\/\\\/www.loccasioncafe.com\\\/?p=4312&lang=fr\",\"url\":\"https:\\\/\\\/www.loccasioncafe.com\\\/?p=4312&lang=fr\",\"name\":\"Pourquoi travailler en dehors de son bureau ? - L&#039;Occasion Caf\u00e9\",\"isPartOf\":{\"@id\":\"https:\\\/\\\/www.loccasioncafe.com\\\/#website\"},\"primaryImageOfPage\":{\"@id\":\"https:\\\/\\\/www.loccasioncafe.com\\\/?p=4312&lang=fr#primaryimage\"},\"image\":{\"@id\":\"https:\\\/\\\/www.loccasioncafe.com\\\/?p=4312&lang=fr#primaryimage\"},\"thumbnailUrl\":\"https:\\\/\\\/www.loccasioncafe.com\\\/wp-content\\\/uploads\\\/2025\\\/05\\\/564a2ed1-06de-456f-8913-39b454826c60.jpeg\",\"datePublished\":\"2025-06-26T09:43:39+00:00\",\"dateModified\":\"2025-06-26T09:43:41+00:00\",\"description\":\"Parfois, il vaut mieux troquer son salon pour un bon caf\u00e9 et une ambiance inspirante. Mais pourquoi travailler en dehors de son bureau ?\",\"breadcrumb\":{\"@id\":\"https:\\\/\\\/www.loccasioncafe.com\\\/?p=4312&lang=fr#breadcrumb\"},\"inLanguage\":\"fr-FR\",\"potentialAction\":[{\"@type\":\"ReadAction\",\"target\":[\"https:\\\/\\\/www.loccasioncafe.com\\\/?p=4312&lang=fr\"]}]},{\"@type\":\"ImageObject\",\"inLanguage\":\"fr-FR\",\"@id\":\"https:\\\/\\\/www.loccasioncafe.com\\\/?p=4312&lang=fr#primaryimage\",\"url\":\"https:\\\/\\\/www.loccasioncafe.com\\\/wp-content\\\/uploads\\\/2025\\\/05\\\/564a2ed1-06de-456f-8913-39b454826c60.jpeg\",\"contentUrl\":\"https:\\\/\\\/www.loccasioncafe.com\\\/wp-content\\\/uploads\\\/2025\\\/05\\\/564a2ed1-06de-456f-8913-39b454826c60.jpeg\",\"width\":2048,\"height\":1365,\"caption\":\"Coworking\"},{\"@type\":\"BreadcrumbList\",\"@id\":\"https:\\\/\\\/www.loccasioncafe.com\\\/?p=4312&lang=fr#breadcrumb\",\"itemListElement\":[{\"@type\":\"ListItem\",\"position\":1,\"name\":\"Accueil\",\"item\":\"https:\\\/\\\/www.loccasioncafe.com\\\/?page_id=797&lang=fr\"},{\"@type\":\"ListItem\",\"position\":2,\"name\":\"Pourquoi travailler en dehors de son bureau ?\"}]},{\"@type\":\"WebSite\",\"@id\":\"https:\\\/\\\/www.loccasioncafe.com\\\/#website\",\"url\":\"https:\\\/\\\/www.loccasioncafe.com\\\/\",\"name\":\"L&#039;Occasion Caf\u00e9\",\"description\":\"Coffee Shop et Bar \u00e0 Vins \u00e0 Reims\",\"publisher\":{\"@id\":\"https:\\\/\\\/www.loccasioncafe.com\\\/#organization\"},\"potentialAction\":[{\"@type\":\"SearchAction\",\"target\":{\"@type\":\"EntryPoint\",\"urlTemplate\":\"https:\\\/\\\/www.loccasioncafe.com\\\/?s={search_term_string}\"},\"query-input\":{\"@type\":\"PropertyValueSpecification\",\"valueRequired\":true,\"valueName\":\"search_term_string\"}}],\"inLanguage\":\"fr-FR\"},{\"@type\":\"Organization\",\"@id\":\"https:\\\/\\\/www.loccasioncafe.com\\\/#organization\",\"name\":\"L&#039;Occasion Caf\u00e9\",\"url\":\"https:\\\/\\\/www.loccasioncafe.com\\\/\",\"logo\":{\"@type\":\"ImageObject\",\"inLanguage\":\"fr-FR\",\"@id\":\"https:\\\/\\\/www.loccasioncafe.com\\\/#\\\/schema\\\/logo\\\/image\\\/\",\"url\":\"https:\\\/\\\/www.loccasioncafe.com\\\/wp-content\\\/uploads\\\/2022\\\/03\\\/logo-loccasion.png\",\"contentUrl\":\"https:\\\/\\\/www.loccasioncafe.com\\\/wp-content\\\/uploads\\\/2022\\\/03\\\/logo-loccasion.png\",\"width\":1562,\"height\":1327,\"caption\":\"L&#039;Occasion Caf\u00e9\"},\"image\":{\"@id\":\"https:\\\/\\\/www.loccasioncafe.com\\\/#\\\/schema\\\/logo\\\/image\\\/\"}},{\"@type\":\"Person\",\"@id\":\"https:\\\/\\\/www.loccasioncafe.com\\\/#\\\/schema\\\/person\\\/b6d5feddb8aae68026cc60b915510575\",\"name\":\"loccasioncafe\",\"image\":{\"@type\":\"ImageObject\",\"inLanguage\":\"fr-FR\",\"@id\":\"https:\\\/\\\/secure.gravatar.com\\\/avatar\\\/02af2438fc73d6d8d8aae77b5ba085dc0ac83018b2a60a5d38bad680735f0356?s=96&d=mm&r=g\",\"url\":\"https:\\\/\\\/secure.gravatar.com\\\/avatar\\\/02af2438fc73d6d8d8aae77b5ba085dc0ac83018b2a60a5d38bad680735f0356?s=96&d=mm&r=g\",\"contentUrl\":\"https:\\\/\\\/secure.gravatar.com\\\/avatar\\\/02af2438fc73d6d8d8aae77b5ba085dc0ac83018b2a60a5d38bad680735f0356?s=96&d=mm&r=g\",\"caption\":\"loccasioncafe\"},\"sameAs\":[\"https:\\\/\\\/www.loccasioncafe.com\"],\"url\":\"https:\\\/\\\/www.loccasioncafe.com\\\/?author=1\"}]}<\/script>\n<!-- \/ Yoast SEO plugin. -->","yoast_head_json":{"title":"Pourquoi travailler en dehors de son bureau ? - L&#039;Occasion Caf\u00e9","description":"Parfois, il vaut mieux troquer son salon pour un bon caf\u00e9 et une ambiance inspirante. Mais pourquoi travailler en dehors de son bureau ?","robots":{"index":"index","follow":"follow","max-snippet":"max-snippet:-1","max-image-preview":"max-image-preview:large","max-video-preview":"max-video-preview:-1"},"canonical":"https:\/\/www.loccasioncafe.com\/?p=4312&lang=fr","og_locale":"fr_FR","og_type":"article","og_title":"Pourquoi travailler en dehors de son bureau ? - L&#039;Occasion Caf\u00e9","og_description":"Parfois, il vaut mieux troquer son salon pour un bon caf\u00e9 et une ambiance inspirante. Mais pourquoi travailler en dehors de son bureau ?","og_url":"https:\/\/www.loccasioncafe.com\/?p=4312&lang=fr","og_site_name":"L&#039;Occasion Caf\u00e9","article_published_time":"2025-06-26T09:43:39+00:00","article_modified_time":"2025-06-26T09:43:41+00:00","og_image":[{"width":2048,"height":1365,"url":"https:\/\/www.loccasioncafe.com\/wp-content\/uploads\/2025\/05\/564a2ed1-06de-456f-8913-39b454826c60.jpeg","type":"image\/jpeg"}],"author":"loccasioncafe","twitter_card":"summary_large_image","twitter_misc":{"\u00c9crit par":"loccasioncafe","Dur\u00e9e de lecture estim\u00e9e":"6 minutes"},"schema":{"@context":"https:\/\/schema.org","@graph":[{"@type":"Article","@id":"https:\/\/www.loccasioncafe.com\/?p=4312&lang=fr#article","isPartOf":{"@id":"https:\/\/www.loccasioncafe.com\/?p=4312&lang=fr"},"author":{"name":"loccasioncafe","@id":"https:\/\/www.loccasioncafe.com\/#\/schema\/person\/b6d5feddb8aae68026cc60b915510575"},"headline":"Pourquoi travailler en dehors de son bureau ?","datePublished":"2025-06-26T09:43:39+00:00","dateModified":"2025-06-26T09:43:41+00:00","mainEntityOfPage":{"@id":"https:\/\/www.loccasioncafe.com\/?p=4312&lang=fr"},"wordCount":1006,"publisher":{"@id":"https:\/\/www.loccasioncafe.com\/#organization"},"image":{"@id":"https:\/\/www.loccasioncafe.com\/?p=4312&lang=fr#primaryimage"},"thumbnailUrl":"https:\/\/www.loccasioncafe.com\/wp-content\/uploads\/2025\/05\/564a2ed1-06de-456f-8913-39b454826c60.jpeg","articleSection":["Blog"],"inLanguage":"fr-FR"},{"@type":"WebPage","@id":"https:\/\/www.loccasioncafe.com\/?p=4312&lang=fr","url":"https:\/\/www.loccasioncafe.com\/?p=4312&lang=fr","name":"Pourquoi travailler en dehors de son bureau ? - L&#039;Occasion Caf\u00e9","isPartOf":{"@id":"https:\/\/www.loccasioncafe.com\/#website"},"primaryImageOfPage":{"@id":"https:\/\/www.loccasioncafe.com\/?p=4312&lang=fr#primaryimage"},"image":{"@id":"https:\/\/www.loccasioncafe.com\/?p=4312&lang=fr#primaryimage"},"thumbnailUrl":"https:\/\/www.loccasioncafe.com\/wp-content\/uploads\/2025\/05\/564a2ed1-06de-456f-8913-39b454826c60.jpeg","datePublished":"2025-06-26T09:43:39+00:00","dateModified":"2025-06-26T09:43:41+00:00","description":"Parfois, il vaut mieux troquer son salon pour un bon caf\u00e9 et une ambiance inspirante. Mais pourquoi travailler en dehors de son bureau ?","breadcrumb":{"@id":"https:\/\/www.loccasioncafe.com\/?p=4312&lang=fr#breadcrumb"},"inLanguage":"fr-FR","potentialAction":[{"@type":"ReadAction","target":["https:\/\/www.loccasioncafe.com\/?p=4312&lang=fr"]}]},{"@type":"ImageObject","inLanguage":"fr-FR","@id":"https:\/\/www.loccasioncafe.com\/?p=4312&lang=fr#primaryimage","url":"https:\/\/www.loccasioncafe.com\/wp-content\/uploads\/2025\/05\/564a2ed1-06de-456f-8913-39b454826c60.jpeg","contentUrl":"https:\/\/www.loccasioncafe.com\/wp-content\/uploads\/2025\/05\/564a2ed1-06de-456f-8913-39b454826c60.jpeg","width":2048,"height":1365,"caption":"Coworking"},{"@type":"BreadcrumbList","@id":"https:\/\/www.loccasioncafe.com\/?p=4312&lang=fr#breadcrumb","itemListElement":[{"@type":"ListItem","position":1,"name":"Accueil","item":"https:\/\/www.loccasioncafe.com\/?page_id=797&lang=fr"},{"@type":"ListItem","position":2,"name":"Pourquoi travailler en dehors de son bureau ?"}]},{"@type":"WebSite","@id":"https:\/\/www.loccasioncafe.com\/#website","url":"https:\/\/www.loccasioncafe.com\/","name":"L&#039;Occasion Caf\u00e9","description":"Coffee Shop et Bar \u00e0 Vins \u00e0 Reims","publisher":{"@id":"https:\/\/www.loccasioncafe.com\/#organization"},"potentialAction":[{"@type":"SearchAction","target":{"@type":"EntryPoint","urlTemplate":"https:\/\/www.loccasioncafe.com\/?s={search_term_string}"},"query-input":{"@type":"PropertyValueSpecification","valueRequired":true,"valueName":"search_term_string"}}],"inLanguage":"fr-FR"},{"@type":"Organization","@id":"https:\/\/www.loccasioncafe.com\/#organization","name":"L&#039;Occasion Caf\u00e9","url":"https:\/\/www.loccasioncafe.com\/","logo":{"@type":"ImageObject","inLanguage":"fr-FR","@id":"https:\/\/www.loccasioncafe.com\/#\/schema\/logo\/image\/","url":"https:\/\/www.loccasioncafe.com\/wp-content\/uploads\/2022\/03\/logo-loccasion.png","contentUrl":"https:\/\/www.loccasioncafe.com\/wp-content\/uploads\/2022\/03\/logo-loccasion.png","width":1562,"height":1327,"caption":"L&#039;Occasion Caf\u00e9"},"image":{"@id":"https:\/\/www.loccasioncafe.com\/#\/schema\/logo\/image\/"}},{"@type":"Person","@id":"https:\/\/www.loccasioncafe.com\/#\/schema\/person\/b6d5feddb8aae68026cc60b915510575","name":"loccasioncafe","image":{"@type":"ImageObject","inLanguage":"fr-FR","@id":"https:\/\/secure.gravatar.com\/avatar\/02af2438fc73d6d8d8aae77b5ba085dc0ac83018b2a60a5d38bad680735f0356?s=96&d=mm&r=g","url":"https:\/\/secure.gravatar.com\/avatar\/02af2438fc73d6d8d8aae77b5ba085dc0ac83018b2a60a5d38bad680735f0356?s=96&d=mm&r=g","contentUrl":"https:\/\/secure.gravatar.com\/avatar\/02af2438fc73d6d8d8aae77b5ba085dc0ac83018b2a60a5d38bad680735f0356?s=96&d=mm&r=g","caption":"loccasioncafe"},"sameAs":["https:\/\/www.loccasioncafe.com"],"url":"https:\/\/www.loccasioncafe.com\/?author=1"}]}},"jetpack_featured_media_url":"https:\/\/www.loccasioncafe.com\/wp-content\/uploads\/2025\/05\/564a2ed1-06de-456f-8913-39b454826c60.jpeg","jetpack_sharing_enabled":true,"_links":{"self":[{"href":"https:\/\/www.loccasioncafe.com\/index.php?rest_route=\/wp\/v2\/posts\/4312","targetHints":{"allow":["GET"]}}],"collection":[{"href":"https:\/\/www.loccasioncafe.com\/index.php?rest_route=\/wp\/v2\/posts"}],"about":[{"href":"https:\/\/www.loccasioncafe.com\/index.php?rest_route=\/wp\/v2\/types\/post"}],"author":[{"embeddable":true,"href":"https:\/\/www.loccasioncafe.com\/index.php?rest_route=\/wp\/v2\/users\/1"}],"replies":[{"embeddable":true,"href":"https:\/\/www.loccasioncafe.com\/index.php?rest_route=%2Fwp%2Fv2%2Fcomments&post=4312"}],"version-history":[{"count":10,"href":"https:\/\/www.loccasioncafe.com\/index.php?rest_route=\/wp\/v2\/posts\/4312\/revisions"}],"predecessor-version":[{"id":4326,"href":"https:\/\/www.loccasioncafe.com\/index.php?rest_route=\/wp\/v2\/posts\/4312\/revisions\/4326"}],"wp:featuredmedia":[{"embeddable":true,"href":"https:\/\/www.loccasioncafe.com\/index.php?rest_route=\/wp\/v2\/media\/4313"}],"wp:attachment":[{"href":"https:\/\/www.loccasioncafe.com\/index.php?rest_route=%2Fwp%2Fv2%2Fmedia&parent=4312"}],"wp:term":[{"taxonomy":"category","embeddable":true,"href":"https:\/\/www.loccasioncafe.com\/index.php?rest_route=%2Fwp%2Fv2%2Fcategories&post=4312"},{"taxonomy":"post_tag","embeddable":true,"href":"https:\/\/www.loccasioncafe.com\/index.php?rest_route=%2Fwp%2Fv2%2Ftags&post=4312"}],"curies":[{"name":"wp","href":"https:\/\/api.w.org\/{rel}","templated":true}]}}