{"id":4357,"date":"2025-05-26T09:38:51","date_gmt":"2025-05-26T09:38:51","guid":{"rendered":"https:\/\/www.loccasioncafe.com\/?p=4357"},"modified":"2025-05-26T09:38:52","modified_gmt":"2025-05-26T09:38:52","slug":"lube-latte-ses-origines-ses-bienfaits-et-pourquoi-vous-ladorez","status":"publish","type":"post","link":"https:\/\/www.loccasioncafe.com\/?p=4357&lang=fr","title":{"rendered":"L&rsquo;Ub\u00e9 latte : ses origines, ses bienfaits et pourquoi vous l&rsquo;adorez"},"content":{"rendered":"\t\t<div data-elementor-type=\"wp-post\" data-elementor-id=\"4357\" class=\"elementor elementor-4357\" data-elementor-post-type=\"post\">\n\t\t\t\t\t\t<section class=\"elementor-section elementor-top-section elementor-element elementor-element-0f84afa elementor-section-content-middle elementor-section-boxed elementor-section-height-default elementor-section-height-default\" data-id=\"0f84afa\" data-element_type=\"section\" data-e-type=\"section\" data-settings=\"{&quot;background_background&quot;:&quot;slideshow&quot;,&quot;background_slideshow_gallery&quot;:[{&quot;id&quot;:4361,&quot;url&quot;:&quot;https:\\\/\\\/www.loccasioncafe.com\\\/wp-content\\\/uploads\\\/2025\\\/05\\\/event-facebook.png&quot;}],&quot;background_slideshow_loop&quot;:&quot;yes&quot;,&quot;background_slideshow_slide_duration&quot;:5000,&quot;background_slideshow_slide_transition&quot;:&quot;fade&quot;,&quot;background_slideshow_transition_duration&quot;:500}\">\n\t\t\t\t\t\t<div class=\"elementor-container elementor-column-gap-default\">\n\t\t\t\t\t<div class=\"elementor-column elementor-col-50 elementor-top-column elementor-element elementor-element-d1b536c\" data-id=\"d1b536c\" data-element_type=\"column\" data-e-type=\"column\">\n\t\t\t<div class=\"elementor-widget-wrap elementor-element-populated\">\n\t\t\t\t\t\t<div class=\"elementor-element elementor-element-755e148 elementor-widget elementor-widget-heading\" data-id=\"755e148\" data-element_type=\"widget\" data-e-type=\"widget\" data-widget_type=\"heading.default\">\n\t\t\t\t<div class=\"elementor-widget-container\">\n\t\t\t\t\t<h1 class=\"elementor-heading-title elementor-size-large\">L'Ub\u00e9 : ses origines, ses bienfaits...<\/h1>\t\t\t\t<\/div>\n\t\t\t\t<\/div>\n\t\t\t\t<div class=\"elementor-element elementor-element-033a08b elementor-widget elementor-widget-text-editor\" data-id=\"033a08b\" data-element_type=\"widget\" data-e-type=\"widget\" data-widget_type=\"text-editor.default\">\n\t\t\t\t<div class=\"elementor-widget-container\">\n\t\t\t\t\t\t\t\t\t<p><strong><span style=\"color: #ffffff;\">On sait pourquoi vous l&rsquo;adorez \ud83d\ude09<\/span><\/strong><\/p>\t\t\t\t\t\t\t\t<\/div>\n\t\t\t\t<\/div>\n\t\t\t\t\t<\/div>\n\t\t<\/div>\n\t\t\t\t<div class=\"elementor-column elementor-col-50 elementor-top-column elementor-element elementor-element-ecf4819\" data-id=\"ecf4819\" data-element_type=\"column\" data-e-type=\"column\">\n\t\t\t<div class=\"elementor-widget-wrap elementor-element-populated\">\n\t\t\t\t\t\t<div class=\"elementor-element elementor-element-bac6cac elementor-widget elementor-widget-spacer\" data-id=\"bac6cac\" data-element_type=\"widget\" data-e-type=\"widget\" data-widget_type=\"spacer.default\">\n\t\t\t\t<div class=\"elementor-widget-container\">\n\t\t\t\t\t\t\t<div class=\"elementor-spacer\">\n\t\t\t<div class=\"elementor-spacer-inner\"><\/div>\n\t\t<\/div>\n\t\t\t\t\t\t<\/div>\n\t\t\t\t<\/div>\n\t\t\t\t\t<\/div>\n\t\t<\/div>\n\t\t\t\t\t<\/div>\n\t\t<\/section>\n\t\t\t\t<section class=\"elementor-section elementor-top-section elementor-element elementor-element-afc378a elementor-section-boxed elementor-section-height-default elementor-section-height-default\" data-id=\"afc378a\" data-element_type=\"section\" data-e-type=\"section\">\n\t\t\t\t\t\t<div class=\"elementor-container elementor-column-gap-default\">\n\t\t\t\t\t<div class=\"elementor-column elementor-col-100 elementor-top-column elementor-element elementor-element-dd22446\" data-id=\"dd22446\" data-element_type=\"column\" data-e-type=\"column\">\n\t\t\t<div class=\"elementor-widget-wrap elementor-element-populated\">\n\t\t\t\t\t\t<div class=\"elementor-element elementor-element-25201fb elementor-widget elementor-widget-spacer\" data-id=\"25201fb\" data-element_type=\"widget\" data-e-type=\"widget\" data-widget_type=\"spacer.default\">\n\t\t\t\t<div class=\"elementor-widget-container\">\n\t\t\t\t\t\t\t<div class=\"elementor-spacer\">\n\t\t\t<div class=\"elementor-spacer-inner\"><\/div>\n\t\t<\/div>\n\t\t\t\t\t\t<\/div>\n\t\t\t\t<\/div>\n\t\t\t\t<div class=\"elementor-element elementor-element-4806eb2 elementor-widget__width-initial elementor-widget elementor-widget-text-editor\" data-id=\"4806eb2\" data-element_type=\"widget\" data-e-type=\"widget\" data-widget_type=\"text-editor.default\">\n\t\t\t\t<div class=\"elementor-widget-container\">\n\t\t\t\t\t\t\t\t\t<p>Vous aimez explorer de nouvelles saveurs et d\u00e9couvrir des boissons qui sortent de l\u2019ordinaire ? Laissez-vous tenter par l\u2019<strong>ub\u00e9 latte<\/strong>, la star montante venue tout droit des Philippines. \ud83d\udc40<br \/>M\u00e9lange subtil d\u2019igname violette et de lait cr\u00e9meux, cette <strong>boisson exotique<\/strong> n\u2019est pas seulement un r\u00e9gal pour les papilles, mais elle regorge \u00e9galement de <strong>bienfaits pour la sant\u00e9<\/strong>. Comme <span style=\"text-decoration: underline;\"><span style=\"color: #333399; text-decoration: underline;\"><a style=\"color: #333399; text-decoration: underline;\" href=\"https:\/\/www.loccasioncafe.com\/fr\/2023\/11\/21\/le-matcha-ses-origines-ses-bienfaits\/\">le matcha, avec ses origines mill\u00e9naires et ses vertus<\/a><\/span><\/span>, l\u2019ub\u00e9 latte s\u2019impose aujourd\u2019hui comme une alternative gourmande et innovante. \ud83e\udd17<br \/><span style=\"font-size: 1rem;\">Voici tout ce qu\u2019il faut savoir sur cette boisson surprenante. \ud83d\udc9c<\/span><\/p>\t\t\t\t\t\t\t\t<\/div>\n\t\t\t\t<\/div>\n\t\t\t\t<div class=\"elementor-element elementor-element-0905ae0 elementor-widget elementor-widget-spacer\" data-id=\"0905ae0\" data-element_type=\"widget\" data-e-type=\"widget\" data-widget_type=\"spacer.default\">\n\t\t\t\t<div class=\"elementor-widget-container\">\n\t\t\t\t\t\t\t<div class=\"elementor-spacer\">\n\t\t\t<div class=\"elementor-spacer-inner\"><\/div>\n\t\t<\/div>\n\t\t\t\t\t\t<\/div>\n\t\t\t\t<\/div>\n\t\t\t\t<div class=\"elementor-element elementor-element-8827886 elementor-widget elementor-widget-heading\" data-id=\"8827886\" data-element_type=\"widget\" data-e-type=\"widget\" data-widget_type=\"heading.default\">\n\t\t\t\t<div class=\"elementor-widget-container\">\n\t\t\t\t\t<h2 class=\"elementor-heading-title elementor-size-default\">L'Ub\u00e9, qu'est ce que c'est&nbsp;?<\/h2>\t\t\t\t<\/div>\n\t\t\t\t<\/div>\n\t\t\t\t<div class=\"elementor-element elementor-element-f29b352 elementor-widget elementor-widget-text-editor\" data-id=\"f29b352\" data-element_type=\"widget\" data-e-type=\"widget\" data-widget_type=\"text-editor.default\">\n\t\t\t\t<div class=\"elementor-widget-container\">\n\t\t\t\t\t\t\t\t\t<p>L&rsquo;<strong>ub\u00e9<\/strong>, aussi connu sous le nom d&rsquo;<strong>igname violette<\/strong>, est cultiv\u00e9 depuis plusieurs mill\u00e9naires en Asie du Sud-Est, particuli\u00e8rement aux Philippines \ud83c\uddf5\ud83c\udded. Cette racine, appr\u00e9ci\u00e9e pour sa couleur \u00e9clatante et sa texture onctueuse, est utilis\u00e9e depuis longtemps dans la pr\u00e9paration de desserts traditionnels comme le \u00ab\u00a0<span style=\"text-decoration: underline;\"><span style=\"color: #333399; text-decoration: underline;\"><a style=\"color: #333399; text-decoration: underline;\" href=\"https:\/\/www.gastronomiac.com\/lexique_culinaire\/ube-halaya-cuisine-philippine\/\">ube halaya<\/a><\/span><\/span>\u00a0\u00bb (une confiture \u00e9paisse et d\u00e9licieusement parfum\u00e9e). \ud83d\udc9c<\/p><p>En effet, l&rsquo;ub\u00e9 a \u00e9t\u00e9 appr\u00e9ci\u00e9 non seulement pour sa couleur, mais aussi pour ses qualit\u00e9s nutritionnelles et \u00e9nerg\u00e9tiques. Dans de nombreuses cultures, cette racine est consid\u00e9r\u00e9e comme un aliment de base, tout en \u00e9tant un <strong>symbole de bien-\u00eatre et de prosp\u00e9rit\u00e9<\/strong>. \ud83d\ude0c<\/p>\t\t\t\t\t\t\t\t<\/div>\n\t\t\t\t<\/div>\n\t\t\t\t<div class=\"elementor-element elementor-element-16889f8 elementor-widget elementor-widget-heading\" data-id=\"16889f8\" data-element_type=\"widget\" data-e-type=\"widget\" data-widget_type=\"heading.default\">\n\t\t\t\t<div class=\"elementor-widget-container\">\n\t\t\t\t\t<h3 class=\"elementor-heading-title elementor-size-default\">COMMENT EST-IL DEVENU UNE TENDANCE MONDIALE ?<\/h3>\t\t\t\t<\/div>\n\t\t\t\t<\/div>\n\t\t\t\t<div class=\"elementor-element elementor-element-1af91cb elementor-widget elementor-widget-text-editor\" data-id=\"1af91cb\" data-element_type=\"widget\" data-e-type=\"widget\" data-widget_type=\"text-editor.default\">\n\t\t\t\t<div class=\"elementor-widget-container\">\n\t\t\t\t\t\t\t\t\t<p>Au fil des ann\u00e9es, l\u2019<strong>ub\u00e9 a franchi les fronti\u00e8res des Philippines<\/strong> pour arriver sur les tables du monde entier. Sa popularit\u00e9 a explos\u00e9 en 2020, notamment gr\u00e2ce \u00e0 sa couleur vibrante et sa capacit\u00e9 \u00e0 se marier parfaitement avec le caf\u00e9. \u2615\ufe0f <br \/>C\u2019est alors que l\u2019<strong>ube latte<\/strong> a vu le jour : une fusion entre cette racine d\u00e9licatement sucr\u00e9e et la douceur du lait, pour une boisson \u00e0 la fois <strong>nourrissante et r\u00e9confortante<\/strong>. \u2728<\/p><p>Aujourd&rsquo;hui, on trouve l&rsquo;<strong>ub\u00e9 latte<\/strong> dans de nombreux coffee shops \u00e0 travers le monde, et bien s\u00fbr, \u00e0 <strong>L&rsquo;Occasion Caf\u00e9<\/strong>. Vous pouvez y savourer cette boisson en version classique ou encore la personnaliser selon vos go\u00fbts, avec des variations v\u00e9g\u00e9taliennes ou sans sucre. \ud83d\ude0b\ud83c\udf31<\/p><p>\u00a0<\/p>\t\t\t\t\t\t\t\t<\/div>\n\t\t\t\t<\/div>\n\t\t\t\t<div class=\"elementor-element elementor-element-3064d8b elementor-widget elementor-widget-spacer\" data-id=\"3064d8b\" data-element_type=\"widget\" data-e-type=\"widget\" data-widget_type=\"spacer.default\">\n\t\t\t\t<div class=\"elementor-widget-container\">\n\t\t\t\t\t\t\t<div class=\"elementor-spacer\">\n\t\t\t<div class=\"elementor-spacer-inner\"><\/div>\n\t\t<\/div>\n\t\t\t\t\t\t<\/div>\n\t\t\t\t<\/div>\n\t\t\t\t<div class=\"elementor-element elementor-element-3b2b7b3 elementor-widget elementor-widget-heading\" data-id=\"3b2b7b3\" data-element_type=\"widget\" data-e-type=\"widget\" data-widget_type=\"heading.default\">\n\t\t\t\t<div class=\"elementor-widget-container\">\n\t\t\t\t\t<h2 class=\"elementor-heading-title elementor-size-default\">L'Ub\u00e9 latte : une explosion de bienfaits<\/h2>\t\t\t\t<\/div>\n\t\t\t\t<\/div>\n\t\t\t\t<div class=\"elementor-element elementor-element-ab7b8a9 elementor-widget elementor-widget-text-editor\" data-id=\"ab7b8a9\" data-element_type=\"widget\" data-e-type=\"widget\" data-widget_type=\"text-editor.default\">\n\t\t\t\t<div class=\"elementor-widget-container\">\n\t\t\t\t\t\t\t\t\t<p>Alors, qu\u2019est-ce qui rend l\u2019ub\u00e9 latte si sp\u00e9cial, en plus de son <strong>go\u00fbt irr\u00e9sistible<\/strong> ? Il regorge de <strong>bienfaits pour votre corps et votre esprit<\/strong>, et \u00e7a, c&rsquo;est un vrai bonus ! \ud83d\ude06\ud83d\udcaa<\/p>\t\t\t\t\t\t\t\t<\/div>\n\t\t\t\t<\/div>\n\t\t\t\t<div class=\"elementor-element elementor-element-91553c1 elementor-widget elementor-widget-heading\" data-id=\"91553c1\" data-element_type=\"widget\" data-e-type=\"widget\" data-widget_type=\"heading.default\">\n\t\t\t\t<div class=\"elementor-widget-container\">\n\t\t\t\t\t<h3 class=\"elementor-heading-title elementor-size-default\">Une source de vitamines et de min\u00e9raux<\/h3>\t\t\t\t<\/div>\n\t\t\t\t<\/div>\n\t\t\t\t<div class=\"elementor-element elementor-element-dec2138 elementor-widget elementor-widget-text-editor\" data-id=\"dec2138\" data-element_type=\"widget\" data-e-type=\"widget\" data-widget_type=\"text-editor.default\">\n\t\t\t\t<div class=\"elementor-widget-container\">\n\t\t\t\t\t\t\t\t\t<p><strong>L\u2019ub\u00e9<\/strong> est une excellente source de <strong>vitamines<\/strong> A et C, essentielles pour la sant\u00e9 de la peau et le bon fonctionnement du syst\u00e8me immunitaire. C\u2019est aussi un aliment riche en potassium, qui joue un r\u00f4le cl\u00e9 dans la gestion de la <strong>pression sanguine et de la sant\u00e9 cardiaque<\/strong>. \ud83e\udec0<\/p>\t\t\t\t\t\t\t\t<\/div>\n\t\t\t\t<\/div>\n\t\t\t\t<div class=\"elementor-element elementor-element-9bee1b6 elementor-widget elementor-widget-heading\" data-id=\"9bee1b6\" data-element_type=\"widget\" data-e-type=\"widget\" data-widget_type=\"heading.default\">\n\t\t\t\t<div class=\"elementor-widget-container\">\n\t\t\t\t\t<h3 class=\"elementor-heading-title elementor-size-default\">Une aide \u00e0 la digestion<\/h3>\t\t\t\t<\/div>\n\t\t\t\t<\/div>\n\t\t\t\t<div class=\"elementor-element elementor-element-6f2806c elementor-widget elementor-widget-text-editor\" data-id=\"6f2806c\" data-element_type=\"widget\" data-e-type=\"widget\" data-widget_type=\"text-editor.default\">\n\t\t\t\t<div class=\"elementor-widget-container\">\n\t\t\t\t\t\t\t\t\t<p><strong>L\u2019ub\u00e9<\/strong> est naturellement riche en <strong>fibres<\/strong>, ce qui favorise un bon transit intestinal. Consommer un ub\u00e9 latte peut donc \u00eatre un moyen agr\u00e9able de maintenir une digestion optimale au quotidien. \ud83e\udef6<\/p>\t\t\t\t\t\t\t\t<\/div>\n\t\t\t\t<\/div>\n\t\t\t\t<div class=\"elementor-element elementor-element-5535b9c elementor-widget elementor-widget-heading\" data-id=\"5535b9c\" data-element_type=\"widget\" data-e-type=\"widget\" data-widget_type=\"heading.default\">\n\t\t\t\t<div class=\"elementor-widget-container\">\n\t\t\t\t\t<h3 class=\"elementor-heading-title elementor-size-default\">Un pouvoir antioxydant<\/h3>\t\t\t\t<\/div>\n\t\t\t\t<\/div>\n\t\t\t\t<div class=\"elementor-element elementor-element-2a1c32a elementor-widget elementor-widget-text-editor\" data-id=\"2a1c32a\" data-element_type=\"widget\" data-e-type=\"widget\" data-widget_type=\"text-editor.default\">\n\t\t\t\t<div class=\"elementor-widget-container\">\n\t\t\t\t\t\t\t\t\t<p><strong>L\u2019ub\u00e9<\/strong> est \u00e9galement une excellente source <strong>d&rsquo;antioxydants<\/strong>, principalement des anthocyanines, qui lui conf\u00e8rent sa couleur violette. Ces substances sont connues pour leurs propri\u00e9t\u00e9s <strong>anti-inflammatoires<\/strong> et leur capacit\u00e9 \u00e0 prot\u00e9ger les cellules du corps contre le stress oxydatif. \ud83d\udc40<\/p>\t\t\t\t\t\t\t\t<\/div>\n\t\t\t\t<\/div>\n\t\t\t\t<div class=\"elementor-element elementor-element-cee4067 elementor-widget elementor-widget-heading\" data-id=\"cee4067\" data-element_type=\"widget\" data-e-type=\"widget\" data-widget_type=\"heading.default\">\n\t\t\t\t<div class=\"elementor-widget-container\">\n\t\t\t\t\t<h3 class=\"elementor-heading-title elementor-size-default\">Une alternative sans caf\u00e9ine<\/h3>\t\t\t\t<\/div>\n\t\t\t\t<\/div>\n\t\t\t\t<div class=\"elementor-element elementor-element-27d3bc8 elementor-widget elementor-widget-text-editor\" data-id=\"27d3bc8\" data-element_type=\"widget\" data-e-type=\"widget\" data-widget_type=\"text-editor.default\">\n\t\t\t\t<div class=\"elementor-widget-container\">\n\t\t\t\t\t\t\t\t\t<p>Si vous cherchez \u00e0 <span style=\"text-decoration: underline;\"><span style=\"color: #333399; text-decoration: underline;\"><a style=\"color: #333399; text-decoration: underline;\" href=\"https:\/\/www.loccasioncafe.com\/fr\/2024\/10\/25\/la-cafeine-alliee-ou-ennemie\/\">r\u00e9duire votre consommation de caf\u00e9ine<\/a><\/span><\/span>\u00a0tout en continuant de vous faire plaisir, l\u2019<strong>ub\u00e9 latte<\/strong> est une solution id\u00e9ale. En effet, son go\u00fbt doux et sucr\u00e9, combin\u00e9 \u00e0 une texture cr\u00e9meuse, en fait une parfaite <strong>alternative<\/strong> aux boissons \u00e0 base de caf\u00e9. \ud83e\udd70<\/p>\t\t\t\t\t\t\t\t<\/div>\n\t\t\t\t<\/div>\n\t\t\t\t<div class=\"elementor-element elementor-element-cb964e4 elementor-widget elementor-widget-spacer\" data-id=\"cb964e4\" data-element_type=\"widget\" data-e-type=\"widget\" data-widget_type=\"spacer.default\">\n\t\t\t\t<div class=\"elementor-widget-container\">\n\t\t\t\t\t\t\t<div class=\"elementor-spacer\">\n\t\t\t<div class=\"elementor-spacer-inner\"><\/div>\n\t\t<\/div>\n\t\t\t\t\t\t<\/div>\n\t\t\t\t<\/div>\n\t\t\t\t\t<\/div>\n\t\t<\/div>\n\t\t\t\t\t<\/div>\n\t\t<\/section>\n\t\t\t\t<section class=\"elementor-section elementor-top-section elementor-element elementor-element-ad73bc9 elementor-section-boxed elementor-section-height-default elementor-section-height-default\" data-id=\"ad73bc9\" data-element_type=\"section\" data-e-type=\"section\">\n\t\t\t\t\t\t<div class=\"elementor-container elementor-column-gap-default\">\n\t\t\t\t\t<div class=\"elementor-column elementor-col-100 elementor-top-column elementor-element elementor-element-5737266\" data-id=\"5737266\" data-element_type=\"column\" data-e-type=\"column\">\n\t\t\t<div class=\"elementor-widget-wrap elementor-element-populated\">\n\t\t\t\t\t\t<div class=\"elementor-element elementor-element-1418d88 elementor-widget elementor-widget-heading\" data-id=\"1418d88\" data-element_type=\"widget\" data-e-type=\"widget\" data-widget_type=\"heading.default\">\n\t\t\t\t<div class=\"elementor-widget-container\">\n\t\t\t\t\t<h2 class=\"elementor-heading-title elementor-size-default\">Comment d\u00e9guster l'Ub\u00e9 latte ?<\/h2>\t\t\t\t<\/div>\n\t\t\t\t<\/div>\n\t\t\t\t<div class=\"elementor-element elementor-element-684a91d elementor-widget elementor-widget-text-editor\" data-id=\"684a91d\" data-element_type=\"widget\" data-e-type=\"widget\" data-widget_type=\"text-editor.default\">\n\t\t\t\t<div class=\"elementor-widget-container\">\n\t\t\t\t\t\t\t\t\t<p>Bien s\u00fbr, il n&rsquo;y a pas de r\u00e8gles strictes pour d\u00e9guster un <strong>ub\u00e9 latte<\/strong>, mais voici quelques conseils pour en profiter pleinement :<\/p>\t\t\t\t\t\t\t\t<\/div>\n\t\t\t\t<\/div>\n\t\t\t\t<div class=\"elementor-element elementor-element-4741ffa elementor-widget elementor-widget-heading\" data-id=\"4741ffa\" data-element_type=\"widget\" data-e-type=\"widget\" data-widget_type=\"heading.default\">\n\t\t\t\t<div class=\"elementor-widget-container\">\n\t\t\t\t\t<h3 class=\"elementor-heading-title elementor-size-default\">Savourez-le lentement \ud83d\ude0b<\/h3>\t\t\t\t<\/div>\n\t\t\t\t<\/div>\n\t\t\t\t<div class=\"elementor-element elementor-element-e135317 elementor-widget elementor-widget-text-editor\" data-id=\"e135317\" data-element_type=\"widget\" data-e-type=\"widget\" data-widget_type=\"text-editor.default\">\n\t\t\t\t<div class=\"elementor-widget-container\">\n\t\t\t\t\t\t\t\t\t<p>Prenez le temps d&rsquo;appr\u00e9cier la texture cr\u00e9meuse et le go\u00fbt subtil de la racine d&rsquo;ub\u00e9. Chaque gorg\u00e9e est une <strong>petite escapade gustative<\/strong>. \ud83c\uddf5\ud83c\udded<\/p><p><!-- notionvc: 627d80da-5c48-4693-96d7-dc76e7ecc196 --><\/p>\t\t\t\t\t\t\t\t<\/div>\n\t\t\t\t<\/div>\n\t\t\t\t<div class=\"elementor-element elementor-element-b84cf72 elementor-widget elementor-widget-heading\" data-id=\"b84cf72\" data-element_type=\"widget\" data-e-type=\"widget\" data-widget_type=\"heading.default\">\n\t\t\t\t<div class=\"elementor-widget-container\">\n\t\t\t\t\t<h3 class=\"elementor-heading-title elementor-size-default\">Personnalisez-le \ud83d\ude0e<\/h3>\t\t\t\t<\/div>\n\t\t\t\t<\/div>\n\t\t\t\t<div class=\"elementor-element elementor-element-a51db86 elementor-widget elementor-widget-text-editor\" data-id=\"a51db86\" data-element_type=\"widget\" data-e-type=\"widget\" data-widget_type=\"text-editor.default\">\n\t\t\t\t<div class=\"elementor-widget-container\">\n\t\t\t\t\t\t\t\t\t<p>Vous pouvez jouer avec les variations en choisissant votre lait pr\u00e9f\u00e9r\u00e9 (amande, avoine, soja) et ajuster le <strong>niveau de douceur<\/strong> avec un peu de sirop d\u2019\u00e9rable ou de miel. \ud83d\ude0b<\/p>\t\t\t\t\t\t\t\t<\/div>\n\t\t\t\t<\/div>\n\t\t\t\t<div class=\"elementor-element elementor-element-306f195 elementor-widget elementor-widget-heading\" data-id=\"306f195\" data-element_type=\"widget\" data-e-type=\"widget\" data-widget_type=\"heading.default\">\n\t\t\t\t<div class=\"elementor-widget-container\">\n\t\t\t\t\t<h3 class=\"elementor-heading-title elementor-size-default\">Accompagnez-le d'une bonne p\u00e2tisserie \ud83c\udf6a<\/h3>\t\t\t\t<\/div>\n\t\t\t\t<\/div>\n\t\t\t\t<div class=\"elementor-element elementor-element-a1d5eb3 elementor-widget elementor-widget-text-editor\" data-id=\"a1d5eb3\" data-element_type=\"widget\" data-e-type=\"widget\" data-widget_type=\"text-editor.default\">\n\t\t\t\t<div class=\"elementor-widget-container\">\n\t\t\t\t\t\t\t\t\t<p>Pour un moment de pur bonheur, accompagnez votre ub\u00e9 latte d&rsquo;un petit g\u00e2teau ou d\u2019un <span style=\"text-decoration: underline; color: #333399;\"><a style=\"color: #333399; text-decoration: underline;\" href=\"https:\/\/www.loccasioncafe.com\/fr\/la-carte\/\">muffin \u00e0 l&rsquo;ub\u00e9<\/a><\/span> ! On a mis cette recette \u00e0 la carte il y a quelque temps, et vous avez l&rsquo;air d&rsquo;appr\u00e9cier la<strong> jolie couleur violette<\/strong> du gla\u00e7age. \ud83d\ude0b<\/p>\t\t\t\t\t\t\t\t<\/div>\n\t\t\t\t<\/div>\n\t\t\t\t<div class=\"elementor-element elementor-element-18c6bfd elementor-widget elementor-widget-spacer\" data-id=\"18c6bfd\" data-element_type=\"widget\" data-e-type=\"widget\" data-widget_type=\"spacer.default\">\n\t\t\t\t<div class=\"elementor-widget-container\">\n\t\t\t\t\t\t\t<div class=\"elementor-spacer\">\n\t\t\t<div class=\"elementor-spacer-inner\"><\/div>\n\t\t<\/div>\n\t\t\t\t\t\t<\/div>\n\t\t\t\t<\/div>\n\t\t\t\t\t<\/div>\n\t\t<\/div>\n\t\t\t\t\t<\/div>\n\t\t<\/section>\n\t\t\t\t<section class=\"elementor-section elementor-top-section elementor-element elementor-element-e2ad17c elementor-section-boxed elementor-section-height-default elementor-section-height-default\" data-id=\"e2ad17c\" data-element_type=\"section\" data-e-type=\"section\">\n\t\t\t\t\t\t<div class=\"elementor-container elementor-column-gap-default\">\n\t\t\t\t\t<div class=\"elementor-column elementor-col-100 elementor-top-column elementor-element elementor-element-fddbc0a\" data-id=\"fddbc0a\" data-element_type=\"column\" data-e-type=\"column\">\n\t\t\t<div class=\"elementor-widget-wrap elementor-element-populated\">\n\t\t\t\t\t\t<div class=\"elementor-element elementor-element-4a0faa9 elementor-widget elementor-widget-text-editor\" data-id=\"4a0faa9\" data-element_type=\"widget\" data-e-type=\"widget\" data-widget_type=\"text-editor.default\">\n\t\t\t\t<div class=\"elementor-widget-container\">\n\t\t\t\t\t\t\t\t\t<p><span style=\"font-size: 1rem;\">En r\u00e9sum\u00e9, l\u2019<strong>ub\u00e9 latte<\/strong> est bien plus qu&rsquo;une simple tendance. C\u2019est une boisson <strong>gourmande, r\u00e9confortante et pleine de bienfaits<\/strong>, qui offre un v\u00e9ritable moment de plaisir \u00e0 chaque gorg\u00e9e. \ud83d\ude0c<\/span><\/p><p>Et o\u00f9 mieux que chez L&rsquo;Occasion Caf\u00e9 pour vivre cette exp\u00e9rience ? Alors, la prochaine fois que vous avez envie d\u2019une pause douce et originale, laissez-vous tenter par l&rsquo;<strong>ub\u00e9 latte. \ud83d\udc9c<br \/><\/strong><\/p><p><span data-token-index=\"0\">\u00c0 tr\u00e8s vite \u00e0 l&rsquo;Occasion Caf\u00e9\u00a0!<\/span>\u00a0\u2705<\/p>\t\t\t\t\t\t\t\t<\/div>\n\t\t\t\t<\/div>\n\t\t\t\t<div class=\"elementor-element elementor-element-3b76bce elementor-widget elementor-widget-spacer\" data-id=\"3b76bce\" data-element_type=\"widget\" data-e-type=\"widget\" data-widget_type=\"spacer.default\">\n\t\t\t\t<div class=\"elementor-widget-container\">\n\t\t\t\t\t\t\t<div class=\"elementor-spacer\">\n\t\t\t<div class=\"elementor-spacer-inner\"><\/div>\n\t\t<\/div>\n\t\t\t\t\t\t<\/div>\n\t\t\t\t<\/div>\n\t\t\t\t\t<\/div>\n\t\t<\/div>\n\t\t\t\t\t<\/div>\n\t\t<\/section>\n\t\t\t\t<section class=\"elementor-section elementor-top-section elementor-element elementor-element-36ccacf8 elementor-section-height-min-height elementor-section-boxed elementor-section-height-default elementor-section-items-middle\" data-id=\"36ccacf8\" data-element_type=\"section\" data-e-type=\"section\">\n\t\t\t\t\t\t<div class=\"elementor-container elementor-column-gap-default\">\n\t\t\t\t\t<div class=\"elementor-column elementor-col-100 elementor-top-column elementor-element elementor-element-519c6de6\" data-id=\"519c6de6\" data-element_type=\"column\" data-e-type=\"column\">\n\t\t\t<div class=\"elementor-widget-wrap elementor-element-populated\">\n\t\t\t\t\t\t<div class=\"elementor-element elementor-element-1cf8d011 elementor-widget elementor-widget-heading\" data-id=\"1cf8d011\" data-element_type=\"widget\" data-e-type=\"widget\" data-widget_type=\"heading.default\">\n\t\t\t\t<div class=\"elementor-widget-container\">\n\t\t\t\t\t<h2 class=\"elementor-heading-title elementor-size-default\">Nos articles<\/h2>\t\t\t\t<\/div>\n\t\t\t\t<\/div>\n\t\t\t\t<div class=\"elementor-element elementor-element-2423e004 elementor-grid-3 elementor-grid-tablet-2 elementor-grid-mobile-1 elementor-posts--thumbnail-top elementor-card-shadow-yes elementor-posts__hover-gradient elementor-widget elementor-widget-posts\" data-id=\"2423e004\" data-element_type=\"widget\" data-e-type=\"widget\" data-settings=\"{&quot;cards_row_gap&quot;:{&quot;unit&quot;:&quot;px&quot;,&quot;size&quot;:&quot;&quot;,&quot;sizes&quot;:[]},&quot;cards_columns&quot;:&quot;3&quot;,&quot;cards_columns_tablet&quot;:&quot;2&quot;,&quot;cards_columns_mobile&quot;:&quot;1&quot;,&quot;cards_row_gap_widescreen&quot;:{&quot;unit&quot;:&quot;px&quot;,&quot;size&quot;:&quot;&quot;,&quot;sizes&quot;:[]},&quot;cards_row_gap_laptop&quot;:{&quot;unit&quot;:&quot;px&quot;,&quot;size&quot;:&quot;&quot;,&quot;sizes&quot;:[]},&quot;cards_row_gap_tablet&quot;:{&quot;unit&quot;:&quot;px&quot;,&quot;size&quot;:&quot;&quot;,&quot;sizes&quot;:[]},&quot;cards_row_gap_mobile&quot;:{&quot;unit&quot;:&quot;px&quot;,&quot;size&quot;:&quot;&quot;,&quot;sizes&quot;:[]}}\" data-widget_type=\"posts.cards\">\n\t\t\t\t<div class=\"elementor-widget-container\">\n\t\t\t\t\t\t\t<div class=\"elementor-posts-container elementor-posts elementor-posts--skin-cards elementor-grid\" role=\"list\">\n\t\t\t\t<article class=\"elementor-post elementor-grid-item post-4320 post type-post status-publish format-standard has-post-thumbnail hentry category-blog-fr-en\" role=\"listitem\">\n\t\t\t<div class=\"elementor-post__card\">\n\t\t\t\t<a class=\"elementor-post__thumbnail__link\" href=\"https:\/\/www.loccasioncafe.com\/?p=4320\" tabindex=\"-1\" target=\"_blank\"><div class=\"elementor-post__thumbnail\"><img fetchpriority=\"high\" decoding=\"async\" width=\"300\" height=\"200\" src=\"https:\/\/www.loccasioncafe.com\/wp-content\/uploads\/2025\/05\/564a2ed1-06de-456f-8913-39b454826c60-300x200.jpeg\" class=\"attachment-medium size-medium wp-image-4313\" alt=\"Coworking\" srcset=\"https:\/\/www.loccasioncafe.com\/wp-content\/uploads\/2025\/05\/564a2ed1-06de-456f-8913-39b454826c60-300x200.jpeg 300w, https:\/\/www.loccasioncafe.com\/wp-content\/uploads\/2025\/05\/564a2ed1-06de-456f-8913-39b454826c60-1024x683.jpeg 1024w, https:\/\/www.loccasioncafe.com\/wp-content\/uploads\/2025\/05\/564a2ed1-06de-456f-8913-39b454826c60-768x512.jpeg 768w, https:\/\/www.loccasioncafe.com\/wp-content\/uploads\/2025\/05\/564a2ed1-06de-456f-8913-39b454826c60-1536x1024.jpeg 1536w, https:\/\/www.loccasioncafe.com\/wp-content\/uploads\/2025\/05\/564a2ed1-06de-456f-8913-39b454826c60.jpeg 2048w\" sizes=\"(max-width: 300px) 100vw, 300px\" \/><\/div><\/a>\n\t\t\t\t<div class=\"elementor-post__text\">\n\t\t\t\t<h3 class=\"elementor-post__title\">\n\t\t\t<a href=\"https:\/\/www.loccasioncafe.com\/?p=4320\" target=&quot;_blank&quot;>\n\t\t\t\tWhy work outside your office?\t\t\t<\/a>\n\t\t<\/h3>\n\t\t\t\t<div class=\"elementor-post__excerpt\">\n\t\t\t<p>Here&rsquo;s why it&rsquo;s worth trading in your office (or living room) for a good cup of coffee and an inspiring\t\t<\/div>\n\t\t\n\t\t<a class=\"elementor-post__read-more\" href=\"https:\/\/www.loccasioncafe.com\/?p=4320\" aria-label=\"En savoir plus sur Why work outside your office?\" tabindex=\"-1\" target=\"_blank\">\n\t\t\tLire la suite \u00bb\t\t<\/a>\n\n\t\t\t\t<\/div>\n\t\t\t\t\t<\/div>\n\t\t<\/article>\n\t\t\t\t<article class=\"elementor-post elementor-grid-item post-4312 post type-post status-publish format-standard has-post-thumbnail hentry category-blog-fr\" role=\"listitem\">\n\t\t\t<div class=\"elementor-post__card\">\n\t\t\t\t<a class=\"elementor-post__thumbnail__link\" href=\"https:\/\/www.loccasioncafe.com\/?p=4312&#038;lang=fr\" tabindex=\"-1\" target=\"_blank\"><div class=\"elementor-post__thumbnail\"><img fetchpriority=\"high\" decoding=\"async\" width=\"300\" height=\"200\" src=\"https:\/\/www.loccasioncafe.com\/wp-content\/uploads\/2025\/05\/564a2ed1-06de-456f-8913-39b454826c60-300x200.jpeg\" class=\"attachment-medium size-medium wp-image-4313\" alt=\"Coworking\" srcset=\"https:\/\/www.loccasioncafe.com\/wp-content\/uploads\/2025\/05\/564a2ed1-06de-456f-8913-39b454826c60-300x200.jpeg 300w, https:\/\/www.loccasioncafe.com\/wp-content\/uploads\/2025\/05\/564a2ed1-06de-456f-8913-39b454826c60-1024x683.jpeg 1024w, https:\/\/www.loccasioncafe.com\/wp-content\/uploads\/2025\/05\/564a2ed1-06de-456f-8913-39b454826c60-768x512.jpeg 768w, https:\/\/www.loccasioncafe.com\/wp-content\/uploads\/2025\/05\/564a2ed1-06de-456f-8913-39b454826c60-1536x1024.jpeg 1536w, https:\/\/www.loccasioncafe.com\/wp-content\/uploads\/2025\/05\/564a2ed1-06de-456f-8913-39b454826c60.jpeg 2048w\" sizes=\"(max-width: 300px) 100vw, 300px\" \/><\/div><\/a>\n\t\t\t\t<div class=\"elementor-post__text\">\n\t\t\t\t<h3 class=\"elementor-post__title\">\n\t\t\t<a href=\"https:\/\/www.loccasioncafe.com\/?p=4312&amp;lang=fr\" target=&quot;_blank&quot;>\n\t\t\t\tPourquoi travailler en dehors de son bureau ?\t\t\t<\/a>\n\t\t<\/h3>\n\t\t\t\t<div class=\"elementor-post__excerpt\">\n\t\t\t<p>Voici pourquoi \u00e7a vaut le coup de troquer, de temps en temps, son bureau (ou son salon) pour un bon\t\t<\/div>\n\t\t\n\t\t<a class=\"elementor-post__read-more\" href=\"https:\/\/www.loccasioncafe.com\/?p=4312&#038;lang=fr\" aria-label=\"En savoir plus sur Pourquoi travailler en dehors de son bureau ?\" tabindex=\"-1\" target=\"_blank\">\n\t\t\tLire la suite \u00bb\t\t<\/a>\n\n\t\t\t\t<\/div>\n\t\t\t\t\t<\/div>\n\t\t<\/article>\n\t\t\t\t<article class=\"elementor-post elementor-grid-item post-4357 post type-post status-publish format-standard has-post-thumbnail hentry category-blog-fr\" role=\"listitem\">\n\t\t\t<div class=\"elementor-post__card\">\n\t\t\t\t<a class=\"elementor-post__thumbnail__link\" href=\"https:\/\/www.loccasioncafe.com\/?p=4357&#038;lang=fr\" tabindex=\"-1\" target=\"_blank\"><div class=\"elementor-post__thumbnail\"><img decoding=\"async\" width=\"169\" height=\"300\" src=\"https:\/\/www.loccasioncafe.com\/wp-content\/uploads\/2025\/05\/DSC08950-169x300.jpg\" class=\"attachment-medium size-medium wp-image-4358\" alt=\"ub\u00e9 latte\" srcset=\"https:\/\/www.loccasioncafe.com\/wp-content\/uploads\/2025\/05\/DSC08950-169x300.jpg 169w, https:\/\/www.loccasioncafe.com\/wp-content\/uploads\/2025\/05\/DSC08950-576x1024.jpg 576w, https:\/\/www.loccasioncafe.com\/wp-content\/uploads\/2025\/05\/DSC08950-768x1365.jpg 768w, https:\/\/www.loccasioncafe.com\/wp-content\/uploads\/2025\/05\/DSC08950-864x1536.jpg 864w, https:\/\/www.loccasioncafe.com\/wp-content\/uploads\/2025\/05\/DSC08950-1152x2048.jpg 1152w, https:\/\/www.loccasioncafe.com\/wp-content\/uploads\/2025\/05\/DSC08950-scaled.jpg 1440w\" sizes=\"(max-width: 169px) 100vw, 169px\" \/><\/div><\/a>\n\t\t\t\t<div class=\"elementor-post__text\">\n\t\t\t\t<h3 class=\"elementor-post__title\">\n\t\t\t<a href=\"https:\/\/www.loccasioncafe.com\/?p=4357&amp;lang=fr\" target=&quot;_blank&quot;>\n\t\t\t\tL&rsquo;Ub\u00e9 latte : ses origines, ses bienfaits et pourquoi vous l&rsquo;adorez\t\t\t<\/a>\n\t\t<\/h3>\n\t\t\t\t<div class=\"elementor-post__excerpt\">\n\t\t\t<p>L&rsquo;Ub\u00e9 : cette fameuse poudre violette tant \u00e0 la mode en ce moment. \ud83d\udc9c<br \/> On vous en d\u00e9voile un\t\t<\/div>\n\t\t\n\t\t<a class=\"elementor-post__read-more\" href=\"https:\/\/www.loccasioncafe.com\/?p=4357&#038;lang=fr\" aria-label=\"En savoir plus sur L&rsquo;Ub\u00e9 latte : ses origines, ses bienfaits et pourquoi vous l&rsquo;adorez\" tabindex=\"-1\" target=\"_blank\">\n\t\t\tLire la suite \u00bb\t\t<\/a>\n\n\t\t\t\t<\/div>\n\t\t\t\t\t<\/div>\n\t\t<\/article>\n\t\t\t\t<\/div>\n\t\t\n\t\t\t\t\t\t<\/div>\n\t\t\t\t<\/div>\n\t\t\t\t\t<\/div>\n\t\t<\/div>\n\t\t\t\t\t<\/div>\n\t\t<\/section>\n\t\t\t\t<section class=\"elementor-section elementor-top-section elementor-element elementor-element-ea888ac elementor-section-height-min-height elementor-section-boxed elementor-section-height-default elementor-section-items-middle\" data-id=\"ea888ac\" data-element_type=\"section\" data-e-type=\"section\">\n\t\t\t\t\t\t<div class=\"elementor-container elementor-column-gap-default\">\n\t\t\t\t\t<div class=\"elementor-column elementor-col-100 elementor-top-column elementor-element elementor-element-787c26a\" data-id=\"787c26a\" data-element_type=\"column\" data-e-type=\"column\">\n\t\t\t<div class=\"elementor-widget-wrap elementor-element-populated\">\n\t\t\t\t\t\t<div class=\"elementor-element elementor-element-ec08069 elementor-align-center elementor-widget elementor-widget-button\" data-id=\"ec08069\" data-element_type=\"widget\" data-e-type=\"widget\" data-widget_type=\"button.default\">\n\t\t\t\t<div class=\"elementor-widget-container\">\n\t\t\t\t\t\t\t\t\t<div class=\"elementor-button-wrapper\">\n\t\t\t\t\t<a class=\"elementor-button elementor-button-link elementor-size-sm\" href=\"https:\/\/www.loccasioncafe.com\/?page_id=1294&#038;lang=fr\" target=\"_blank\">\n\t\t\t\t\t\t<span class=\"elementor-button-content-wrapper\">\n\t\t\t\t\t\t\t\t\t<span class=\"elementor-button-text\">La carte<\/span>\n\t\t\t\t\t<\/span>\n\t\t\t\t\t<\/a>\n\t\t\t\t<\/div>\n\t\t\t\t\t\t\t\t<\/div>\n\t\t\t\t<\/div>\n\t\t\t\t\t<\/div>\n\t\t<\/div>\n\t\t\t\t\t<\/div>\n\t\t<\/section>\n\t\t\t\t<\/div>\n\t\t","protected":false},"excerpt":{"rendered":"<p>L&rsquo;Ub\u00e9 : cette fameuse poudre violette tant \u00e0 la mode en ce moment. \ud83d\udc9c<br \/>\nOn vous en d\u00e9voile un peu plus sur ses origines et ses bienfaits.<\/p>\n","protected":false},"author":1,"featured_media":4358,"comment_status":"closed","ping_status":"closed","sticky":false,"template":"","format":"standard","meta":{"inline_featured_image":false,"_jetpack_memberships_contains_paid_content":false,"footnotes":""},"categories":[38],"tags":[],"class_list":["post-4357","post","type-post","status-publish","format-standard","has-post-thumbnail","hentry","category-blog-fr"],"yoast_head":"<!-- This site is optimized with the Yoast SEO plugin v27.5 - https:\/\/yoast.com\/product\/yoast-seo-wordpress\/ -->\n<title>L&#039;Ub\u00e9 latte : ses origines, ses bienfaits et pourquoi vous l&#039;adorez - L&#039;Occasion Caf\u00e9<\/title>\n<meta name=\"description\" content=\"L&#039;Ub\u00e9 latte : cette fameuse poudre violette tant \u00e0 la mode en ce moment. \ud83d\udc9c On vous en d\u00e9voile un peu plus sur ses origines et ses bienfaits.\" \/>\n<meta name=\"robots\" content=\"index, follow, max-snippet:-1, max-image-preview:large, max-video-preview:-1\" \/>\n<link rel=\"canonical\" href=\"https:\/\/www.loccasioncafe.com\/?p=4357&lang=fr\" \/>\n<meta property=\"og:locale\" content=\"fr_FR\" \/>\n<meta property=\"og:type\" content=\"article\" \/>\n<meta property=\"og:title\" content=\"L&#039;Ub\u00e9 latte : ses origines, ses bienfaits et pourquoi vous l&#039;adorez - L&#039;Occasion Caf\u00e9\" \/>\n<meta property=\"og:description\" content=\"L&#039;Ub\u00e9 latte : cette fameuse poudre violette tant \u00e0 la mode en ce moment. \ud83d\udc9c On vous en d\u00e9voile un peu plus sur ses origines et ses bienfaits.\" \/>\n<meta property=\"og:url\" content=\"https:\/\/www.loccasioncafe.com\/?p=4357&amp;lang=fr\" \/>\n<meta property=\"og:site_name\" content=\"L&#039;Occasion Caf\u00e9\" \/>\n<meta property=\"article:published_time\" content=\"2025-05-26T09:38:51+00:00\" \/>\n<meta property=\"article:modified_time\" content=\"2025-05-26T09:38:52+00:00\" \/>\n<meta property=\"og:image\" content=\"https:\/\/www.loccasioncafe.com\/wp-content\/uploads\/2025\/05\/DSC08950-scaled.jpg\" \/>\n\t<meta property=\"og:image:width\" content=\"1440\" \/>\n\t<meta property=\"og:image:height\" content=\"2560\" \/>\n\t<meta property=\"og:image:type\" content=\"image\/jpeg\" \/>\n<meta name=\"author\" content=\"loccasioncafe\" \/>\n<meta name=\"twitter:card\" content=\"summary_large_image\" \/>\n<meta name=\"twitter:label1\" content=\"\u00c9crit par\" \/>\n\t<meta name=\"twitter:data1\" content=\"loccasioncafe\" \/>\n\t<meta name=\"twitter:label2\" content=\"Dur\u00e9e de lecture estim\u00e9e\" \/>\n\t<meta name=\"twitter:data2\" content=\"1 minute\" \/>\n<script type=\"application\/ld+json\" class=\"yoast-schema-graph\">{\"@context\":\"https:\\\/\\\/schema.org\",\"@graph\":[{\"@type\":\"Article\",\"@id\":\"https:\\\/\\\/www.loccasioncafe.com\\\/?p=4357&lang=fr#article\",\"isPartOf\":{\"@id\":\"https:\\\/\\\/www.loccasioncafe.com\\\/?p=4357&lang=fr\"},\"author\":{\"name\":\"loccasioncafe\",\"@id\":\"https:\\\/\\\/www.loccasioncafe.com\\\/#\\\/schema\\\/person\\\/b6d5feddb8aae68026cc60b915510575\"},\"headline\":\"L&rsquo;Ub\u00e9 latte : ses origines, ses bienfaits et pourquoi vous l&rsquo;adorez\",\"datePublished\":\"2025-05-26T09:38:51+00:00\",\"dateModified\":\"2025-05-26T09:38:52+00:00\",\"mainEntityOfPage\":{\"@id\":\"https:\\\/\\\/www.loccasioncafe.com\\\/?p=4357&lang=fr\"},\"wordCount\":836,\"publisher\":{\"@id\":\"https:\\\/\\\/www.loccasioncafe.com\\\/#organization\"},\"image\":{\"@id\":\"https:\\\/\\\/www.loccasioncafe.com\\\/?p=4357&lang=fr#primaryimage\"},\"thumbnailUrl\":\"https:\\\/\\\/www.loccasioncafe.com\\\/wp-content\\\/uploads\\\/2025\\\/05\\\/DSC08950-scaled.jpg\",\"articleSection\":[\"Blog\"],\"inLanguage\":\"fr-FR\"},{\"@type\":\"WebPage\",\"@id\":\"https:\\\/\\\/www.loccasioncafe.com\\\/?p=4357&lang=fr\",\"url\":\"https:\\\/\\\/www.loccasioncafe.com\\\/?p=4357&lang=fr\",\"name\":\"L'Ub\u00e9 latte : ses origines, ses bienfaits et pourquoi vous l'adorez - L&#039;Occasion Caf\u00e9\",\"isPartOf\":{\"@id\":\"https:\\\/\\\/www.loccasioncafe.com\\\/#website\"},\"primaryImageOfPage\":{\"@id\":\"https:\\\/\\\/www.loccasioncafe.com\\\/?p=4357&lang=fr#primaryimage\"},\"image\":{\"@id\":\"https:\\\/\\\/www.loccasioncafe.com\\\/?p=4357&lang=fr#primaryimage\"},\"thumbnailUrl\":\"https:\\\/\\\/www.loccasioncafe.com\\\/wp-content\\\/uploads\\\/2025\\\/05\\\/DSC08950-scaled.jpg\",\"datePublished\":\"2025-05-26T09:38:51+00:00\",\"dateModified\":\"2025-05-26T09:38:52+00:00\",\"description\":\"L'Ub\u00e9 latte : cette fameuse poudre violette tant \u00e0 la mode en ce moment. \ud83d\udc9c On vous en d\u00e9voile un peu plus sur ses origines et ses bienfaits.\",\"breadcrumb\":{\"@id\":\"https:\\\/\\\/www.loccasioncafe.com\\\/?p=4357&lang=fr#breadcrumb\"},\"inLanguage\":\"fr-FR\",\"potentialAction\":[{\"@type\":\"ReadAction\",\"target\":[\"https:\\\/\\\/www.loccasioncafe.com\\\/?p=4357&lang=fr\"]}]},{\"@type\":\"ImageObject\",\"inLanguage\":\"fr-FR\",\"@id\":\"https:\\\/\\\/www.loccasioncafe.com\\\/?p=4357&lang=fr#primaryimage\",\"url\":\"https:\\\/\\\/www.loccasioncafe.com\\\/wp-content\\\/uploads\\\/2025\\\/05\\\/DSC08950-scaled.jpg\",\"contentUrl\":\"https:\\\/\\\/www.loccasioncafe.com\\\/wp-content\\\/uploads\\\/2025\\\/05\\\/DSC08950-scaled.jpg\",\"width\":1440,\"height\":2560,\"caption\":\"ub\u00e9 latte\"},{\"@type\":\"BreadcrumbList\",\"@id\":\"https:\\\/\\\/www.loccasioncafe.com\\\/?p=4357&lang=fr#breadcrumb\",\"itemListElement\":[{\"@type\":\"ListItem\",\"position\":1,\"name\":\"Accueil\",\"item\":\"https:\\\/\\\/www.loccasioncafe.com\\\/?page_id=797&lang=fr\"},{\"@type\":\"ListItem\",\"position\":2,\"name\":\"L&rsquo;Ub\u00e9 latte : ses origines, ses bienfaits et pourquoi vous l&rsquo;adorez\"}]},{\"@type\":\"WebSite\",\"@id\":\"https:\\\/\\\/www.loccasioncafe.com\\\/#website\",\"url\":\"https:\\\/\\\/www.loccasioncafe.com\\\/\",\"name\":\"L&#039;Occasion Caf\u00e9\",\"description\":\"Coffee Shop et Bar \u00e0 Vins \u00e0 Reims\",\"publisher\":{\"@id\":\"https:\\\/\\\/www.loccasioncafe.com\\\/#organization\"},\"potentialAction\":[{\"@type\":\"SearchAction\",\"target\":{\"@type\":\"EntryPoint\",\"urlTemplate\":\"https:\\\/\\\/www.loccasioncafe.com\\\/?s={search_term_string}\"},\"query-input\":{\"@type\":\"PropertyValueSpecification\",\"valueRequired\":true,\"valueName\":\"search_term_string\"}}],\"inLanguage\":\"fr-FR\"},{\"@type\":\"Organization\",\"@id\":\"https:\\\/\\\/www.loccasioncafe.com\\\/#organization\",\"name\":\"L&#039;Occasion Caf\u00e9\",\"url\":\"https:\\\/\\\/www.loccasioncafe.com\\\/\",\"logo\":{\"@type\":\"ImageObject\",\"inLanguage\":\"fr-FR\",\"@id\":\"https:\\\/\\\/www.loccasioncafe.com\\\/#\\\/schema\\\/logo\\\/image\\\/\",\"url\":\"https:\\\/\\\/www.loccasioncafe.com\\\/wp-content\\\/uploads\\\/2022\\\/03\\\/logo-loccasion.png\",\"contentUrl\":\"https:\\\/\\\/www.loccasioncafe.com\\\/wp-content\\\/uploads\\\/2022\\\/03\\\/logo-loccasion.png\",\"width\":1562,\"height\":1327,\"caption\":\"L&#039;Occasion Caf\u00e9\"},\"image\":{\"@id\":\"https:\\\/\\\/www.loccasioncafe.com\\\/#\\\/schema\\\/logo\\\/image\\\/\"}},{\"@type\":\"Person\",\"@id\":\"https:\\\/\\\/www.loccasioncafe.com\\\/#\\\/schema\\\/person\\\/b6d5feddb8aae68026cc60b915510575\",\"name\":\"loccasioncafe\",\"image\":{\"@type\":\"ImageObject\",\"inLanguage\":\"fr-FR\",\"@id\":\"https:\\\/\\\/secure.gravatar.com\\\/avatar\\\/02af2438fc73d6d8d8aae77b5ba085dc0ac83018b2a60a5d38bad680735f0356?s=96&d=mm&r=g\",\"url\":\"https:\\\/\\\/secure.gravatar.com\\\/avatar\\\/02af2438fc73d6d8d8aae77b5ba085dc0ac83018b2a60a5d38bad680735f0356?s=96&d=mm&r=g\",\"contentUrl\":\"https:\\\/\\\/secure.gravatar.com\\\/avatar\\\/02af2438fc73d6d8d8aae77b5ba085dc0ac83018b2a60a5d38bad680735f0356?s=96&d=mm&r=g\",\"caption\":\"loccasioncafe\"},\"sameAs\":[\"https:\\\/\\\/www.loccasioncafe.com\"],\"url\":\"https:\\\/\\\/www.loccasioncafe.com\\\/?author=1\"}]}<\/script>\n<!-- \/ Yoast SEO plugin. -->","yoast_head_json":{"title":"L'Ub\u00e9 latte : ses origines, ses bienfaits et pourquoi vous l'adorez - L&#039;Occasion Caf\u00e9","description":"L'Ub\u00e9 latte : cette fameuse poudre violette tant \u00e0 la mode en ce moment. \ud83d\udc9c On vous en d\u00e9voile un peu plus sur ses origines et ses bienfaits.","robots":{"index":"index","follow":"follow","max-snippet":"max-snippet:-1","max-image-preview":"max-image-preview:large","max-video-preview":"max-video-preview:-1"},"canonical":"https:\/\/www.loccasioncafe.com\/?p=4357&lang=fr","og_locale":"fr_FR","og_type":"article","og_title":"L'Ub\u00e9 latte : ses origines, ses bienfaits et pourquoi vous l'adorez - L&#039;Occasion Caf\u00e9","og_description":"L'Ub\u00e9 latte : cette fameuse poudre violette tant \u00e0 la mode en ce moment. \ud83d\udc9c On vous en d\u00e9voile un peu plus sur ses origines et ses bienfaits.","og_url":"https:\/\/www.loccasioncafe.com\/?p=4357&lang=fr","og_site_name":"L&#039;Occasion Caf\u00e9","article_published_time":"2025-05-26T09:38:51+00:00","article_modified_time":"2025-05-26T09:38:52+00:00","og_image":[{"width":1440,"height":2560,"url":"https:\/\/www.loccasioncafe.com\/wp-content\/uploads\/2025\/05\/DSC08950-scaled.jpg","type":"image\/jpeg"}],"author":"loccasioncafe","twitter_card":"summary_large_image","twitter_misc":{"\u00c9crit par":"loccasioncafe","Dur\u00e9e de lecture estim\u00e9e":"1 minute"},"schema":{"@context":"https:\/\/schema.org","@graph":[{"@type":"Article","@id":"https:\/\/www.loccasioncafe.com\/?p=4357&lang=fr#article","isPartOf":{"@id":"https:\/\/www.loccasioncafe.com\/?p=4357&lang=fr"},"author":{"name":"loccasioncafe","@id":"https:\/\/www.loccasioncafe.com\/#\/schema\/person\/b6d5feddb8aae68026cc60b915510575"},"headline":"L&rsquo;Ub\u00e9 latte : ses origines, ses bienfaits et pourquoi vous l&rsquo;adorez","datePublished":"2025-05-26T09:38:51+00:00","dateModified":"2025-05-26T09:38:52+00:00","mainEntityOfPage":{"@id":"https:\/\/www.loccasioncafe.com\/?p=4357&lang=fr"},"wordCount":836,"publisher":{"@id":"https:\/\/www.loccasioncafe.com\/#organization"},"image":{"@id":"https:\/\/www.loccasioncafe.com\/?p=4357&lang=fr#primaryimage"},"thumbnailUrl":"https:\/\/www.loccasioncafe.com\/wp-content\/uploads\/2025\/05\/DSC08950-scaled.jpg","articleSection":["Blog"],"inLanguage":"fr-FR"},{"@type":"WebPage","@id":"https:\/\/www.loccasioncafe.com\/?p=4357&lang=fr","url":"https:\/\/www.loccasioncafe.com\/?p=4357&lang=fr","name":"L'Ub\u00e9 latte : ses origines, ses bienfaits et pourquoi vous l'adorez - L&#039;Occasion Caf\u00e9","isPartOf":{"@id":"https:\/\/www.loccasioncafe.com\/#website"},"primaryImageOfPage":{"@id":"https:\/\/www.loccasioncafe.com\/?p=4357&lang=fr#primaryimage"},"image":{"@id":"https:\/\/www.loccasioncafe.com\/?p=4357&lang=fr#primaryimage"},"thumbnailUrl":"https:\/\/www.loccasioncafe.com\/wp-content\/uploads\/2025\/05\/DSC08950-scaled.jpg","datePublished":"2025-05-26T09:38:51+00:00","dateModified":"2025-05-26T09:38:52+00:00","description":"L'Ub\u00e9 latte : cette fameuse poudre violette tant \u00e0 la mode en ce moment. \ud83d\udc9c On vous en d\u00e9voile un peu plus sur ses origines et ses bienfaits.","breadcrumb":{"@id":"https:\/\/www.loccasioncafe.com\/?p=4357&lang=fr#breadcrumb"},"inLanguage":"fr-FR","potentialAction":[{"@type":"ReadAction","target":["https:\/\/www.loccasioncafe.com\/?p=4357&lang=fr"]}]},{"@type":"ImageObject","inLanguage":"fr-FR","@id":"https:\/\/www.loccasioncafe.com\/?p=4357&lang=fr#primaryimage","url":"https:\/\/www.loccasioncafe.com\/wp-content\/uploads\/2025\/05\/DSC08950-scaled.jpg","contentUrl":"https:\/\/www.loccasioncafe.com\/wp-content\/uploads\/2025\/05\/DSC08950-scaled.jpg","width":1440,"height":2560,"caption":"ub\u00e9 latte"},{"@type":"BreadcrumbList","@id":"https:\/\/www.loccasioncafe.com\/?p=4357&lang=fr#breadcrumb","itemListElement":[{"@type":"ListItem","position":1,"name":"Accueil","item":"https:\/\/www.loccasioncafe.com\/?page_id=797&lang=fr"},{"@type":"ListItem","position":2,"name":"L&rsquo;Ub\u00e9 latte : ses origines, ses bienfaits et pourquoi vous l&rsquo;adorez"}]},{"@type":"WebSite","@id":"https:\/\/www.loccasioncafe.com\/#website","url":"https:\/\/www.loccasioncafe.com\/","name":"L&#039;Occasion Caf\u00e9","description":"Coffee Shop et Bar \u00e0 Vins \u00e0 Reims","publisher":{"@id":"https:\/\/www.loccasioncafe.com\/#organization"},"potentialAction":[{"@type":"SearchAction","target":{"@type":"EntryPoint","urlTemplate":"https:\/\/www.loccasioncafe.com\/?s={search_term_string}"},"query-input":{"@type":"PropertyValueSpecification","valueRequired":true,"valueName":"search_term_string"}}],"inLanguage":"fr-FR"},{"@type":"Organization","@id":"https:\/\/www.loccasioncafe.com\/#organization","name":"L&#039;Occasion Caf\u00e9","url":"https:\/\/www.loccasioncafe.com\/","logo":{"@type":"ImageObject","inLanguage":"fr-FR","@id":"https:\/\/www.loccasioncafe.com\/#\/schema\/logo\/image\/","url":"https:\/\/www.loccasioncafe.com\/wp-content\/uploads\/2022\/03\/logo-loccasion.png","contentUrl":"https:\/\/www.loccasioncafe.com\/wp-content\/uploads\/2022\/03\/logo-loccasion.png","width":1562,"height":1327,"caption":"L&#039;Occasion Caf\u00e9"},"image":{"@id":"https:\/\/www.loccasioncafe.com\/#\/schema\/logo\/image\/"}},{"@type":"Person","@id":"https:\/\/www.loccasioncafe.com\/#\/schema\/person\/b6d5feddb8aae68026cc60b915510575","name":"loccasioncafe","image":{"@type":"ImageObject","inLanguage":"fr-FR","@id":"https:\/\/secure.gravatar.com\/avatar\/02af2438fc73d6d8d8aae77b5ba085dc0ac83018b2a60a5d38bad680735f0356?s=96&d=mm&r=g","url":"https:\/\/secure.gravatar.com\/avatar\/02af2438fc73d6d8d8aae77b5ba085dc0ac83018b2a60a5d38bad680735f0356?s=96&d=mm&r=g","contentUrl":"https:\/\/secure.gravatar.com\/avatar\/02af2438fc73d6d8d8aae77b5ba085dc0ac83018b2a60a5d38bad680735f0356?s=96&d=mm&r=g","caption":"loccasioncafe"},"sameAs":["https:\/\/www.loccasioncafe.com"],"url":"https:\/\/www.loccasioncafe.com\/?author=1"}]}},"jetpack_featured_media_url":"https:\/\/www.loccasioncafe.com\/wp-content\/uploads\/2025\/05\/DSC08950-scaled.jpg","jetpack_sharing_enabled":true,"_links":{"self":[{"href":"https:\/\/www.loccasioncafe.com\/index.php?rest_route=\/wp\/v2\/posts\/4357","targetHints":{"allow":["GET"]}}],"collection":[{"href":"https:\/\/www.loccasioncafe.com\/index.php?rest_route=\/wp\/v2\/posts"}],"about":[{"href":"https:\/\/www.loccasioncafe.com\/index.php?rest_route=\/wp\/v2\/types\/post"}],"author":[{"embeddable":true,"href":"https:\/\/www.loccasioncafe.com\/index.php?rest_route=\/wp\/v2\/users\/1"}],"replies":[{"embeddable":true,"href":"https:\/\/www.loccasioncafe.com\/index.php?rest_route=%2Fwp%2Fv2%2Fcomments&post=4357"}],"version-history":[{"count":14,"href":"https:\/\/www.loccasioncafe.com\/index.php?rest_route=\/wp\/v2\/posts\/4357\/revisions"}],"predecessor-version":[{"id":4374,"href":"https:\/\/www.loccasioncafe.com\/index.php?rest_route=\/wp\/v2\/posts\/4357\/revisions\/4374"}],"wp:featuredmedia":[{"embeddable":true,"href":"https:\/\/www.loccasioncafe.com\/index.php?rest_route=\/wp\/v2\/media\/4358"}],"wp:attachment":[{"href":"https:\/\/www.loccasioncafe.com\/index.php?rest_route=%2Fwp%2Fv2%2Fmedia&parent=4357"}],"wp:term":[{"taxonomy":"category","embeddable":true,"href":"https:\/\/www.loccasioncafe.com\/index.php?rest_route=%2Fwp%2Fv2%2Fcategories&post=4357"},{"taxonomy":"post_tag","embeddable":true,"href":"https:\/\/www.loccasioncafe.com\/index.php?rest_route=%2Fwp%2Fv2%2Ftags&post=4357"}],"curies":[{"name":"wp","href":"https:\/\/api.w.org\/{rel}","templated":true}]}}